

{"id":10601,"date":"2024-12-18T11:36:27","date_gmt":"2024-12-18T10:36:27","guid":{"rendered":"https:\/\/starke-meinungen.de\/blog\/?p=10601"},"modified":"2024-12-18T11:36:27","modified_gmt":"2024-12-18T10:36:27","slug":"vom-sinn-des-soldatseins-erinnerungen-an-den-wehrdienst-in-der-ddr-teil-4-9","status":"publish","type":"post","link":"https:\/\/starke-meinungen.de\/blog\/2024\/12\/18\/vom-sinn-des-soldatseins-erinnerungen-an-den-wehrdienst-in-der-ddr-teil-4-9\/","title":{"rendered":"Vom Sinn des Soldatseins \u2013 Erinnerungen an den Wehrdienst in der DDR (Teil 4\/9)"},"content":{"rendered":"<p>Kapitel 4<\/p>\n<p>Alle vier Wochen fand an zwei aufeinander folgenden Tagen Politunterricht statt \u2013 ver\u00ad\u00e4chtlich \u00bbM\u00e4rchenstunde\u00ab genannt. Die gesamte Mannschaft sa\u00df im Schu\u00adlungsraum und erhielt \u00bbRotlichtbestrahlung\u00ab. So angenehm es einerseits war, an diesen Tagen mal nicht die \u00fcbliche Ein\u00adsatzausbildung zu haben, so unendlich dr\u00f6ge zog sich andererseits die ideologische Beriese\u00adlung hin. Offiziere leierten irgendwelche Phrasen her\u00adunter, die nicht einmal sie selbst f\u00fcr voll nahmen, und versuchten vergeblich, die ganz tr\u00e4gen, wider\u00ad\u00adwilligen Soldaten in Diskussionen zu ver\u00adwickeln.<!--more--><\/p>\n<p>Bei der Lekt\u00fcre des jedem Soldaten \u00fcberreichten Ratgebers \u00bbVom Sinn des Soldat\u00adseins\u00ab erfuhren sie unter anderem folgendes: \u00bbMilit\u00e4rische Disziplin [\u2026] bedeutet bedingungslose Unterordnung unter den Willen des Vorgesetzten. Der Befehl des Kom\u00admandeurs ist unter allen Umst\u00e4nden Gesetz Ihres Handelns.\u00ab Wenn das so war, was blieb da noch zu diskutieren \u00fcbrig?<\/p>\n<p>Ich nutzte die Zeit vornehmlich zum Schreiben langer Briefe. Zwi\u00adschen\u00ad\u00addurch war Selbststudium in den un\u00adglaublich dum\u00admen, verlogenen Schulungsheften \u00bbWissen und K\u00e4mp\u00adfen\u00ab angesagt. Die meisten legten in diesen Stun\u00adden ihren Kopf auf den Tisch oder, sofern das Selbst\u00adstudium auf die Stube verlegt wurde, sich selbst ins Bett; wichtig war dann, dass jemand Schmiere stand f\u00fcr den Fall, dass der Polit\u00adoffi\u00adzier kontrollieren kam.<\/p>\n<p>Die allererste Politschulung diente der Vorbereitung auf die Vereidigung. Nach zwei Wochen Grundausbildung war es so weit. Tagelang hatte man die Rekruten getriezt, bis der Sitz des Kop\u00adpels und der Schirm\u00adm\u00fctze millimetergenau der Vorschrift entsprach, und sie waren genug gedrillt worden, um jetzt perfekt exer\u00adzie\u00adren und antreten zu k\u00f6nnen.<\/p>\n<p>Die langwierige Veranstaltung mit viel Tschingderassassa kulminierte im Ableisten des sogenannten Fahneneides. Vorne sprach ein Offizier ihnen vor, und alle spra\u00adchen, alle br\u00fcllten ihm nach. Die Wehrdienst\u00adleistenden schworen, \u00bbein ehrlicher, tap\u00adferer, dis\u00adzi\u00adpli\u00adnierter und wachsamer Soldat zu sein, den milit\u00e4rischen Vorgesetzten unbeding\u00adten Gehorsam zu leisten, die Befehle mit aller Entschlossen\u00adheit zu erf\u00fcllen und die milit\u00e4rischen und staatlichen Geheimnisse immer zu streng zu wahren.\u00ab Wir schworen, ich schwor, \u00bbjederzeit bereit zu sein, den Sozialis\u00admus gegen alle Feinde zu verteidigen und mein Leben zur Erringung des Sieges ein\u00adzu\u00adsetzen.\u00ab Und w\u00fcrde ich je gegen den Eid versto\u00dfen, sollte \u00bbmich die harte Strafe der Gesetze unserer Repu\u00adblik und die Ver\u00adach\u00adtung des werkt\u00e4tigen Volkes treffen.\u00ab Damit hatten sie mich. Der Pakt war geschlossen. Eine reale Alternative hatte nie zur Auswahl gestanden, es sei denn, ich h\u00e4tte nicht studieren oder sogar in den Knast gehen wollen.<\/p>\n<p>Einmal in der H\u00f6lle gelandet, galt es, sie als normalen Teil der Welt zu akzep\u00adtie\u00adren und eine gesch\u00fctzte Position in ihr zu erlangen. Es galt, sich auf deren krude Ge\u00adpflogen\u00adheiten einzu\u00adstel\u00ad\u00adlen, in ihren komplexen Hierarchien sich einzurichten und innerhalb ihrer Mauern und viel\u00adf\u00e4ltigen Verbote sich bewegen zu k\u00f6nnen. Wie all die anderen Rekru\u00adten lernte auch ich in ver\u00adbl\u00fcf\u00adfend kurzer Frist die Spielregeln. Entscheidend war, nicht \u00fcber Geb\u00fchr aufzufallen, weder im Positiven noch im Negativen, weder bei den Vorgesetzten noch bei den Kameraden. An\u00adpas\u00adsung war ebenso wichtig wie der trotzige Vorsatz, dieser widrigen Welt reser\u00adviert und kritisch zu begeg\u00adnen. Ich wollte ihr nicht verfallen, musste aber gerade des\u00adhalb ihre Regeln beherrschen.<\/p>\n<p>Ich wollte sehr viel lesen und geistig nicht versumpfen, wollte nicht saufen und \u2013 sp\u00e4ter \u2013 j\u00fcngere Dienst\u00adhalbjahre nicht schikanieren; ich durfte aber auch nicht als allzu versponnener Au\u00dfenseiter oder gar Musterknabe gelten, musste geachtet werden, musste schon auch mal mittrinken. Hilf\u00adreich war, dass ich sportlich genug war, die Sturmbahn am schnellsten von allen zu \u00fcberwinden, und geschickt oder intelligent genug, meine Maschinen\u00adpistole fehler\u00adfrei auseinanderzunehmen und zusammenzubauen. Denn wer dauernd dabei passte, zog nicht nur Verachtung und \u00c4rger der Vor\u00adgesetzten auf sich, sondern auch der eigenen Truppe, weil der \u00c4rger auf sie als Kollektiv zur\u00fcck\u00adfiel. Wurde die Gruppennorm nicht geschafft, weil ein Ein\u00adzel\u00adner zu langsam war oder vor\u00adbeischoss, musste die gesamte Gruppe die \u00dcbung wieder\u00adholen oder kam f\u00fcr einen Gruppen\u00adaus\u00adgang nicht in Frage.<\/p>\n<p>Sch\u00e4dlich war es aber auch, als Stre\u00adber, \u00bbKratzer\u00ab, \u00bbPutte\u00ab zu gelten. Mit dem Arsch an die Wand zu kommen war okay, aber bei den Vorgesetzten ohne Not sich einzu\u00adschlei\u00admen eine grobe S\u00fcnde, die den R\u00fcckhalt unter den Kameraden kosten konnte. Beides war kein Problem f\u00fcr mich.<\/p>\n<p>Wenn \u00fcberhaupt, dann miss\u00adtrauten mir einige, weil ich die Leseratte, die ich nun mal war, den Tr\u00e4umer und Sp\u00f6t\u00adter, den \u00c4stheten und Kultur\u00admen\u00adschen offen zur Schau stellte. Manche Handwerker, Bauern, Proleten, Sechs\u00adklassen\u00adabg\u00e4nger f\u00fchlten sich hier provo\u00adziert, obwohl ich ihnen doch gar nichts zuleide tat. Bald schon hatte ich den Spitz\u00adnamen \u00bbAcker\u00admacker\u00ab weg, eine halb ver\u00e4chtliche, halb achtungsvolle Verballhornung von Akademiker. So etwas h\u00e4tte b\u00f6se enden k\u00f6n\u00adnen, aber irgendwie muss ich doch erd\u00adver\u00adbunden und loyal gewirkt haben, denn ich wurde in Ruhe ge\u00adlas\u00adsen und gesch\u00e4tzt. Einzig je ein\u00admal im zweiten und dritten Dienst\u00adhalbjahr schien die Differenz zu eskalieren \u2013 ich wurde zu heftigen, durch\u00adaus ern\u00adsten Ring\u00ad\u00ad\u00ad\u00adk\u00e4mp\u00adfen gen\u00f6\u00adtigt. Doch weil der erste unent\u00adschie\u00adden aus\u00adging und beim zweiten der Provo\u00adkateur unterlag, hatte ich vor gr\u00f6\u00dfe\u00adrem Publi\u00ad\u00adkum bewiesen, dass ich mir nicht die Butter vom Brot nehmen lie\u00df.<\/p>\n<p>&nbsp;<\/p>\n<div class=\"shariff shariff-align-left shariff-widget-align-left shariff-buttonstretch\" style=\"display:none\"><ul class=\"shariff-buttons theme-white orientation-horizontal buttonsize-medium\"><li class=\"shariff-button facebook shariff-nocustomcolor\" style=\"background-color:#4273c8\"><a href=\"https:\/\/www.facebook.com\/sharer\/sharer.php?u=https%3A%2F%2Fstarke-meinungen.de%2Fblog%2F2024%2F12%2F18%2Fvom-sinn-des-soldatseins-erinnerungen-an-den-wehrdienst-in-der-ddr-teil-4-9%2F\" title=\"Bei Facebook teilen\" aria-label=\"Bei Facebook teilen\" role=\"button\" rel=\"nofollow\" class=\"shariff-link\" style=\"; background-color:#3b5998; color:#3b5998\" target=\"_blank\"><span class=\"shariff-icon\" style=\"fill:#3b5998\"><svg width=\"32px\" height=\"20px\" xmlns=\"http:\/\/www.w3.org\/2000\/svg\" viewBox=\"0 0 18 32\"><path fill=\"#3b5998\" d=\"M17.1 0.2v4.7h-2.8q-1.5 0-2.1 0.6t-0.5 1.9v3.4h5.2l-0.7 5.3h-4.5v13.6h-5.5v-13.6h-4.5v-5.3h4.5v-3.9q0-3.3 1.9-5.2t5-1.8q2.6 0 4.1 0.2z\"\/><\/svg><\/span><span class=\"shariff-text\" style=\"color:#3b5998\">teilen<\/span>&nbsp;<\/a><\/li><li class=\"shariff-button twitter shariff-nocustomcolor\" style=\"background-color:#595959\"><a href=\"https:\/\/twitter.com\/share?url=https%3A%2F%2Fstarke-meinungen.de%2Fblog%2F2024%2F12%2F18%2Fvom-sinn-des-soldatseins-erinnerungen-an-den-wehrdienst-in-der-ddr-teil-4-9%2F&text=Vom%20Sinn%20des%20Soldatseins%20%E2%80%93%20Erinnerungen%20an%20den%20Wehrdienst%20in%20der%20DDR%20%28Teil%204%2F9%29&via=starkemeinungen\" title=\"Bei X teilen\" aria-label=\"Bei X teilen\" role=\"button\" rel=\"noopener nofollow\" class=\"shariff-link\" style=\"; background-color:#000; color:#000\" target=\"_blank\"><span class=\"shariff-icon\" style=\"fill:#000\"><svg width=\"32px\" height=\"20px\" xmlns=\"http:\/\/www.w3.org\/2000\/svg\" viewBox=\"0 0 24 24\"><path fill=\"#000\" d=\"M14.258 10.152L23.176 0h-2.113l-7.747 8.813L7.133 0H0l9.352 13.328L0 23.973h2.113l8.176-9.309 6.531 9.309h7.133zm-2.895 3.293l-.949-1.328L2.875 1.56h3.246l6.086 8.523.945 1.328 7.91 11.078h-3.246zm0 0\"\/><\/svg><\/span><span class=\"shariff-text\" style=\"color:#000\">teilen<\/span>&nbsp;<\/a><\/li><li class=\"shariff-button linkedin shariff-nocustomcolor\" style=\"background-color:#1488bf\"><a href=\"https:\/\/www.linkedin.com\/sharing\/share-offsite\/?url=https%3A%2F%2Fstarke-meinungen.de%2Fblog%2F2024%2F12%2F18%2Fvom-sinn-des-soldatseins-erinnerungen-an-den-wehrdienst-in-der-ddr-teil-4-9%2F\" title=\"Bei LinkedIn teilen\" aria-label=\"Bei LinkedIn teilen\" role=\"button\" rel=\"noopener nofollow\" class=\"shariff-link\" style=\"; background-color:#0077b5; color:#0077b5\" target=\"_blank\"><span class=\"shariff-icon\" style=\"fill:#0077b5\"><svg width=\"32px\" height=\"20px\" xmlns=\"http:\/\/www.w3.org\/2000\/svg\" viewBox=\"0 0 27 32\"><path fill=\"#0077b5\" d=\"M6.2 11.2v17.7h-5.9v-17.7h5.9zM6.6 5.7q0 1.3-0.9 2.2t-2.4 0.9h0q-1.5 0-2.4-0.9t-0.9-2.2 0.9-2.2 2.4-0.9 2.4 0.9 0.9 2.2zM27.4 18.7v10.1h-5.9v-9.5q0-1.9-0.7-2.9t-2.3-1.1q-1.1 0-1.9 0.6t-1.2 1.5q-0.2 0.5-0.2 1.4v9.9h-5.9q0-7.1 0-11.6t0-5.3l0-0.9h5.9v2.6h0q0.4-0.6 0.7-1t1-0.9 1.6-0.8 2-0.3q3 0 4.9 2t1.9 6z\"\/><\/svg><\/span><span class=\"shariff-text\" style=\"color:#0077b5\">teilen<\/span>&nbsp;<\/a><\/li><li class=\"shariff-button xing shariff-nocustomcolor\" style=\"background-color:#29888a\"><a href=\"https:\/\/www.xing.com\/spi\/shares\/new?url=https%3A%2F%2Fstarke-meinungen.de%2Fblog%2F2024%2F12%2F18%2Fvom-sinn-des-soldatseins-erinnerungen-an-den-wehrdienst-in-der-ddr-teil-4-9%2F\" title=\"Bei XING teilen\" aria-label=\"Bei XING teilen\" role=\"button\" rel=\"noopener nofollow\" class=\"shariff-link\" style=\"; background-color:#126567; color:#126567\" target=\"_blank\"><span class=\"shariff-icon\" style=\"fill:#126567\"><svg width=\"32px\" height=\"20px\" xmlns=\"http:\/\/www.w3.org\/2000\/svg\" viewBox=\"0 0 25 32\"><path fill=\"#126567\" d=\"M10.7 11.9q-0.2 0.3-4.6 8.2-0.5 0.8-1.2 0.8h-4.3q-0.4 0-0.5-0.3t0-0.6l4.5-8q0 0 0 0l-2.9-5q-0.2-0.4 0-0.7 0.2-0.3 0.5-0.3h4.3q0.7 0 1.2 0.8zM25.1 0.4q0.2 0.3 0 0.7l-9.4 16.7 6 11q0.2 0.4 0 0.6-0.2 0.3-0.6 0.3h-4.3q-0.7 0-1.2-0.8l-6-11.1q0.3-0.6 9.5-16.8 0.4-0.8 1.2-0.8h4.3q0.4 0 0.5 0.3z\"\/><\/svg><\/span><span class=\"shariff-text\" style=\"color:#126567\">teilen<\/span>&nbsp;<\/a><\/li><li class=\"shariff-button whatsapp shariff-nocustomcolor\" style=\"background-color:#5cbe4a\"><a href=\"https:\/\/api.whatsapp.com\/send?text=https%3A%2F%2Fstarke-meinungen.de%2Fblog%2F2024%2F12%2F18%2Fvom-sinn-des-soldatseins-erinnerungen-an-den-wehrdienst-in-der-ddr-teil-4-9%2F%20Vom%20Sinn%20des%20Soldatseins%20%E2%80%93%20Erinnerungen%20an%20den%20Wehrdienst%20in%20der%20DDR%20%28Teil%204%2F9%29\" title=\"Bei Whatsapp teilen\" aria-label=\"Bei Whatsapp teilen\" role=\"button\" rel=\"noopener nofollow\" class=\"shariff-link\" style=\"; background-color:#34af23; color:#34af23\" target=\"_blank\"><span class=\"shariff-icon\" style=\"fill:#34af23\"><svg width=\"32px\" height=\"20px\" xmlns=\"http:\/\/www.w3.org\/2000\/svg\" viewBox=\"0 0 32 32\"><path fill=\"#34af23\" d=\"M17.6 17.4q0.2 0 1.7 0.8t1.6 0.9q0 0.1 0 0.3 0 0.6-0.3 1.4-0.3 0.7-1.3 1.2t-1.8 0.5q-1 0-3.4-1.1-1.7-0.8-3-2.1t-2.6-3.3q-1.3-1.9-1.3-3.5v-0.1q0.1-1.6 1.3-2.8 0.4-0.4 0.9-0.4 0.1 0 0.3 0t0.3 0q0.3 0 0.5 0.1t0.3 0.5q0.1 0.4 0.6 1.6t0.4 1.3q0 0.4-0.6 1t-0.6 0.8q0 0.1 0.1 0.3 0.6 1.3 1.8 2.4 1 0.9 2.7 1.8 0.2 0.1 0.4 0.1 0.3 0 1-0.9t0.9-0.9zM14 26.9q2.3 0 4.3-0.9t3.6-2.4 2.4-3.6 0.9-4.3-0.9-4.3-2.4-3.6-3.6-2.4-4.3-0.9-4.3 0.9-3.6 2.4-2.4 3.6-0.9 4.3q0 3.6 2.1 6.6l-1.4 4.2 4.3-1.4q2.8 1.9 6.2 1.9zM14 2.2q2.7 0 5.2 1.1t4.3 2.9 2.9 4.3 1.1 5.2-1.1 5.2-2.9 4.3-4.3 2.9-5.2 1.1q-3.5 0-6.5-1.7l-7.4 2.4 2.4-7.2q-1.9-3.2-1.9-6.9 0-2.7 1.1-5.2t2.9-4.3 4.3-2.9 5.2-1.1z\"\/><\/svg><\/span><span class=\"shariff-text\" style=\"color:#34af23\">teilen<\/span>&nbsp;<\/a><\/li><li class=\"shariff-button info shariff-nocustomcolor\" style=\"background-color:#a8a8a8\"><a href=\"http:\/\/ct.de\/-2467514\" title=\"Weitere Informationen\" aria-label=\"Weitere Informationen\" role=\"button\" rel=\"noopener \" class=\"shariff-link\" style=\"; background-color:#999; color:#999\" target=\"_blank\"><span class=\"shariff-icon\" style=\"fill:#999\"><svg width=\"32px\" height=\"20px\" xmlns=\"http:\/\/www.w3.org\/2000\/svg\" viewBox=\"0 0 11 32\"><path fill=\"#999\" d=\"M11.4 24v2.3q0 0.5-0.3 0.8t-0.8 0.4h-9.1q-0.5 0-0.8-0.4t-0.4-0.8v-2.3q0-0.5 0.4-0.8t0.8-0.4h1.1v-6.8h-1.1q-0.5 0-0.8-0.4t-0.4-0.8v-2.3q0-0.5 0.4-0.8t0.8-0.4h6.8q0.5 0 0.8 0.4t0.4 0.8v10.3h1.1q0.5 0 0.8 0.4t0.3 0.8zM9.2 3.4v3.4q0 0.5-0.4 0.8t-0.8 0.4h-4.6q-0.4 0-0.8-0.4t-0.4-0.8v-3.4q0-0.4 0.4-0.8t0.8-0.4h4.6q0.5 0 0.8 0.4t0.4 0.8z\"\/><\/svg><\/span><\/a><\/li><\/ul><\/div>","protected":false},"excerpt":{"rendered":"<p>Kapitel 4 Alle vier Wochen fand an zwei aufeinander folgenden Tagen Politunterricht statt \u2013 ver\u00ad\u00e4chtlich \u00bbM\u00e4rchenstunde\u00ab genannt. Die gesamte Mannschaft sa\u00df im Schu\u00adlungsraum und erhielt \u00bbRotlichtbestrahlung\u00ab. So angenehm es einerseits war, an diesen Tagen mal nicht die \u00fcbliche Ein\u00adsatzausbildung zu haben, so unendlich dr\u00f6ge zog sich andererseits die ideologische Beriese\u00adlung hin. Offiziere leierten irgendwelche Phrasen her\u00adunter, die nicht einmal sie&#8230; <a href=\"https:\/\/starke-meinungen.de\/blog\/2024\/12\/18\/vom-sinn-des-soldatseins-erinnerungen-an-den-wehrdienst-in-der-ddr-teil-4-9\/\">Weiterlesen &raquo;<\/a><\/p>\n","protected":false},"author":61,"featured_media":10724,"comment_status":"open","ping_status":"open","sticky":false,"template":"","format":"standard","meta":{"footnotes":""},"categories":[1],"tags":[3906,1066,176],"class_list":["post-10601","post","type-post","status-publish","format-standard","has-post-thumbnail","hentry","category-allgemein","tag-armee","tag-ddr","tag-wehrdienst"],"yoast_head":"<!-- This site is optimized with the Yoast SEO plugin v27.5 - https:\/\/yoast.com\/product\/yoast-seo-wordpress\/ -->\n<title>Vom Sinn des Soldatseins \u2013 Erinnerungen an den Wehrdienst in der DDR (Teil 4\/9) - starke-meinungen.de<\/title>\n<meta name=\"robots\" content=\"index, follow, max-snippet:-1, max-image-preview:large, max-video-preview:-1\" \/>\n<link rel=\"canonical\" href=\"https:\/\/starke-meinungen.de\/blog\/2024\/12\/18\/vom-sinn-des-soldatseins-erinnerungen-an-den-wehrdienst-in-der-ddr-teil-4-9\/\" \/>\n<meta property=\"og:locale\" content=\"de_DE\" \/>\n<meta property=\"og:type\" content=\"article\" \/>\n<meta property=\"og:title\" content=\"Vom Sinn des Soldatseins \u2013 Erinnerungen an den Wehrdienst in der DDR (Teil 4\/9) - starke-meinungen.de\" \/>\n<meta property=\"og:description\" content=\"Kapitel 4 Alle vier Wochen fand an zwei aufeinander folgenden Tagen Politunterricht statt \u2013 ver\u00ad\u00e4chtlich \u00bbM\u00e4rchenstunde\u00ab genannt. Die gesamte Mannschaft sa\u00df im Schu\u00adlungsraum und erhielt \u00bbRotlichtbestrahlung\u00ab. So angenehm es einerseits war, an diesen Tagen mal nicht die \u00fcbliche Ein\u00adsatzausbildung zu haben, so unendlich dr\u00f6ge zog sich andererseits die ideologische Beriese\u00adlung hin. Offiziere leierten irgendwelche Phrasen her\u00adunter, die nicht einmal sie... Weiterlesen &raquo;\" \/>\n<meta property=\"og:url\" content=\"https:\/\/starke-meinungen.de\/blog\/2024\/12\/18\/vom-sinn-des-soldatseins-erinnerungen-an-den-wehrdienst-in-der-ddr-teil-4-9\/\" \/>\n<meta property=\"og:site_name\" content=\"starke-meinungen.de\" \/>\n<meta property=\"article:publisher\" content=\"https:\/\/www.facebook.com\/starkemeinungen\/\" \/>\n<meta property=\"article:author\" content=\"https:\/\/www.facebook.com\/profile.php?id=100009765761638\" \/>\n<meta property=\"article:published_time\" content=\"2024-12-18T10:36:27+00:00\" \/>\n<meta property=\"og:image\" content=\"https:\/\/starke-meinungen.de\/blog\/wp-content\/uploads\/Rudolf-LerchWissen-und-kaempfen.jpg\" \/>\n\t<meta property=\"og:image:width\" content=\"300\" \/>\n\t<meta property=\"og:image:height\" content=\"423\" \/>\n\t<meta property=\"og:image:type\" content=\"image\/jpeg\" \/>\n<meta name=\"author\" content=\"Frank B\u00f6ttcher\" \/>\n<meta name=\"twitter:card\" content=\"summary_large_image\" \/>\n<meta name=\"twitter:creator\" content=\"@Boettcher\" \/>\n<meta name=\"twitter:site\" content=\"@starkemeinungen\" \/>\n<meta name=\"twitter:label1\" content=\"Verfasst von\" \/>\n\t<meta name=\"twitter:data1\" content=\"Frank B\u00f6ttcher\" \/>\n\t<meta name=\"twitter:label2\" content=\"Gesch\u00e4tzte Lesezeit\" \/>\n\t<meta name=\"twitter:data2\" content=\"5\u00a0Minuten\" \/>\n<script type=\"application\/ld+json\" class=\"yoast-schema-graph\">{\"@context\":\"https:\\\/\\\/schema.org\",\"@graph\":[{\"@type\":\"Article\",\"@id\":\"https:\\\/\\\/starke-meinungen.de\\\/blog\\\/2024\\\/12\\\/18\\\/vom-sinn-des-soldatseins-erinnerungen-an-den-wehrdienst-in-der-ddr-teil-4-9\\\/#article\",\"isPartOf\":{\"@id\":\"https:\\\/\\\/starke-meinungen.de\\\/blog\\\/2024\\\/12\\\/18\\\/vom-sinn-des-soldatseins-erinnerungen-an-den-wehrdienst-in-der-ddr-teil-4-9\\\/\"},\"author\":{\"name\":\"Frank B\u00f6ttcher\",\"@id\":\"https:\\\/\\\/starke-meinungen.de\\\/blog\\\/#\\\/schema\\\/person\\\/b0b05aed2682647422f4762ac4bc423f\"},\"headline\":\"Vom Sinn des Soldatseins \u2013 Erinnerungen an den Wehrdienst in der DDR (Teil 4\\\/9)\",\"datePublished\":\"2024-12-18T10:36:27+00:00\",\"mainEntityOfPage\":{\"@id\":\"https:\\\/\\\/starke-meinungen.de\\\/blog\\\/2024\\\/12\\\/18\\\/vom-sinn-des-soldatseins-erinnerungen-an-den-wehrdienst-in-der-ddr-teil-4-9\\\/\"},\"wordCount\":933,\"commentCount\":0,\"publisher\":{\"@id\":\"https:\\\/\\\/starke-meinungen.de\\\/blog\\\/#organization\"},\"image\":{\"@id\":\"https:\\\/\\\/starke-meinungen.de\\\/blog\\\/2024\\\/12\\\/18\\\/vom-sinn-des-soldatseins-erinnerungen-an-den-wehrdienst-in-der-ddr-teil-4-9\\\/#primaryimage\"},\"thumbnailUrl\":\"https:\\\/\\\/starke-meinungen.de\\\/blog\\\/wp-content\\\/uploads\\\/Rudolf-LerchWissen-und-kaempfen.jpg\",\"keywords\":[\"Armee\",\"DDR\",\"Wehrdienst\"],\"inLanguage\":\"de\",\"potentialAction\":[{\"@type\":\"CommentAction\",\"name\":\"Comment\",\"target\":[\"https:\\\/\\\/starke-meinungen.de\\\/blog\\\/2024\\\/12\\\/18\\\/vom-sinn-des-soldatseins-erinnerungen-an-den-wehrdienst-in-der-ddr-teil-4-9\\\/#respond\"]}]},{\"@type\":\"WebPage\",\"@id\":\"https:\\\/\\\/starke-meinungen.de\\\/blog\\\/2024\\\/12\\\/18\\\/vom-sinn-des-soldatseins-erinnerungen-an-den-wehrdienst-in-der-ddr-teil-4-9\\\/\",\"url\":\"https:\\\/\\\/starke-meinungen.de\\\/blog\\\/2024\\\/12\\\/18\\\/vom-sinn-des-soldatseins-erinnerungen-an-den-wehrdienst-in-der-ddr-teil-4-9\\\/\",\"name\":\"Vom Sinn des Soldatseins \u2013 Erinnerungen an den Wehrdienst in der DDR (Teil 4\\\/9) - starke-meinungen.de\",\"isPartOf\":{\"@id\":\"https:\\\/\\\/starke-meinungen.de\\\/blog\\\/#website\"},\"primaryImageOfPage\":{\"@id\":\"https:\\\/\\\/starke-meinungen.de\\\/blog\\\/2024\\\/12\\\/18\\\/vom-sinn-des-soldatseins-erinnerungen-an-den-wehrdienst-in-der-ddr-teil-4-9\\\/#primaryimage\"},\"image\":{\"@id\":\"https:\\\/\\\/starke-meinungen.de\\\/blog\\\/2024\\\/12\\\/18\\\/vom-sinn-des-soldatseins-erinnerungen-an-den-wehrdienst-in-der-ddr-teil-4-9\\\/#primaryimage\"},\"thumbnailUrl\":\"https:\\\/\\\/starke-meinungen.de\\\/blog\\\/wp-content\\\/uploads\\\/Rudolf-LerchWissen-und-kaempfen.jpg\",\"datePublished\":\"2024-12-18T10:36:27+00:00\",\"breadcrumb\":{\"@id\":\"https:\\\/\\\/starke-meinungen.de\\\/blog\\\/2024\\\/12\\\/18\\\/vom-sinn-des-soldatseins-erinnerungen-an-den-wehrdienst-in-der-ddr-teil-4-9\\\/#breadcrumb\"},\"inLanguage\":\"de\",\"potentialAction\":[{\"@type\":\"ReadAction\",\"target\":[\"https:\\\/\\\/starke-meinungen.de\\\/blog\\\/2024\\\/12\\\/18\\\/vom-sinn-des-soldatseins-erinnerungen-an-den-wehrdienst-in-der-ddr-teil-4-9\\\/\"]}]},{\"@type\":\"ImageObject\",\"inLanguage\":\"de\",\"@id\":\"https:\\\/\\\/starke-meinungen.de\\\/blog\\\/2024\\\/12\\\/18\\\/vom-sinn-des-soldatseins-erinnerungen-an-den-wehrdienst-in-der-ddr-teil-4-9\\\/#primaryimage\",\"url\":\"https:\\\/\\\/starke-meinungen.de\\\/blog\\\/wp-content\\\/uploads\\\/Rudolf-LerchWissen-und-kaempfen.jpg\",\"contentUrl\":\"https:\\\/\\\/starke-meinungen.de\\\/blog\\\/wp-content\\\/uploads\\\/Rudolf-LerchWissen-und-kaempfen.jpg\",\"width\":300,\"height\":423},{\"@type\":\"BreadcrumbList\",\"@id\":\"https:\\\/\\\/starke-meinungen.de\\\/blog\\\/2024\\\/12\\\/18\\\/vom-sinn-des-soldatseins-erinnerungen-an-den-wehrdienst-in-der-ddr-teil-4-9\\\/#breadcrumb\",\"itemListElement\":[{\"@type\":\"ListItem\",\"position\":1,\"name\":\"Startseite\",\"item\":\"https:\\\/\\\/starke-meinungen.de\\\/blog\\\/\"},{\"@type\":\"ListItem\",\"position\":2,\"name\":\"Vom Sinn des Soldatseins \u2013 Erinnerungen an den Wehrdienst in der DDR (Teil 4\\\/9)\"}]},{\"@type\":\"WebSite\",\"@id\":\"https:\\\/\\\/starke-meinungen.de\\\/blog\\\/#website\",\"url\":\"https:\\\/\\\/starke-meinungen.de\\\/blog\\\/\",\"name\":\"starke-meinungen.de\",\"description\":\"Autoren-Blog\",\"publisher\":{\"@id\":\"https:\\\/\\\/starke-meinungen.de\\\/blog\\\/#organization\"},\"potentialAction\":[{\"@type\":\"SearchAction\",\"target\":{\"@type\":\"EntryPoint\",\"urlTemplate\":\"https:\\\/\\\/starke-meinungen.de\\\/blog\\\/?s={search_term_string}\"},\"query-input\":{\"@type\":\"PropertyValueSpecification\",\"valueRequired\":true,\"valueName\":\"search_term_string\"}}],\"inLanguage\":\"de\"},{\"@type\":\"Organization\",\"@id\":\"https:\\\/\\\/starke-meinungen.de\\\/blog\\\/#organization\",\"name\":\"starke-meinungen.de\",\"url\":\"https:\\\/\\\/starke-meinungen.de\\\/blog\\\/\",\"logo\":{\"@type\":\"ImageObject\",\"inLanguage\":\"de\",\"@id\":\"https:\\\/\\\/starke-meinungen.de\\\/blog\\\/#\\\/schema\\\/logo\\\/image\\\/\",\"url\":\"https:\\\/\\\/starke-meinungen.de\\\/blog\\\/wp-content\\\/uploads\\\/starke-meinungen-fb-header.jpg\",\"contentUrl\":\"https:\\\/\\\/starke-meinungen.de\\\/blog\\\/wp-content\\\/uploads\\\/starke-meinungen-fb-header.jpg\",\"width\":1200,\"height\":630,\"caption\":\"starke-meinungen.de\"},\"image\":{\"@id\":\"https:\\\/\\\/starke-meinungen.de\\\/blog\\\/#\\\/schema\\\/logo\\\/image\\\/\"},\"sameAs\":[\"https:\\\/\\\/www.facebook.com\\\/starkemeinungen\\\/\",\"https:\\\/\\\/x.com\\\/starkemeinungen\"]},{\"@type\":\"Person\",\"@id\":\"https:\\\/\\\/starke-meinungen.de\\\/blog\\\/#\\\/schema\\\/person\\\/b0b05aed2682647422f4762ac4bc423f\",\"name\":\"Frank B\u00f6ttcher\",\"image\":{\"@type\":\"ImageObject\",\"inLanguage\":\"de\",\"@id\":\"https:\\\/\\\/secure.gravatar.com\\\/avatar\\\/ebf28f542e1104bb403e560249c9da3e8b8942e5d0e004ac130faa92eebcfb4f?s=96&d=mm&r=g\",\"url\":\"https:\\\/\\\/secure.gravatar.com\\\/avatar\\\/ebf28f542e1104bb403e560249c9da3e8b8942e5d0e004ac130faa92eebcfb4f?s=96&d=mm&r=g\",\"contentUrl\":\"https:\\\/\\\/secure.gravatar.com\\\/avatar\\\/ebf28f542e1104bb403e560249c9da3e8b8942e5d0e004ac130faa92eebcfb4f?s=96&d=mm&r=g\",\"caption\":\"Frank B\u00f6ttcher\"},\"description\":\"Frank B\u00f6ttcher wurde 1960 in Lutherstadt Wittenberg geboren und lebt seit 1981 in Berlin. In den 1990er Jahren schrieb er Kunstkritiken und dergleichen f\u00fcr den Tagesspiegel. Vor allem aber ist er Verleger des 1995 gegr\u00fcndeten, bis heute existierenden kleinen, aber feinen Lukas Verlags.\",\"sameAs\":[\"https:\\\/\\\/www.lukasverlag.com\\\/component\\\/verlag\\\/autor\\\/90-frank-boettcher.html?Itemid=118\",\"https:\\\/\\\/www.facebook.com\\\/profile.php?id=100009765761638\",\"https:\\\/\\\/x.com\\\/Boettcher\"],\"url\":\"https:\\\/\\\/starke-meinungen.de\\\/blog\\\/author\\\/boettcher\\\/\"}]}<\/script>\n<!-- \/ Yoast SEO plugin. -->","yoast_head_json":{"title":"Vom Sinn des Soldatseins \u2013 Erinnerungen an den Wehrdienst in der DDR (Teil 4\/9) - starke-meinungen.de","robots":{"index":"index","follow":"follow","max-snippet":"max-snippet:-1","max-image-preview":"max-image-preview:large","max-video-preview":"max-video-preview:-1"},"canonical":"https:\/\/starke-meinungen.de\/blog\/2024\/12\/18\/vom-sinn-des-soldatseins-erinnerungen-an-den-wehrdienst-in-der-ddr-teil-4-9\/","og_locale":"de_DE","og_type":"article","og_title":"Vom Sinn des Soldatseins \u2013 Erinnerungen an den Wehrdienst in der DDR (Teil 4\/9) - starke-meinungen.de","og_description":"Kapitel 4 Alle vier Wochen fand an zwei aufeinander folgenden Tagen Politunterricht statt \u2013 ver\u00ad\u00e4chtlich \u00bbM\u00e4rchenstunde\u00ab genannt. Die gesamte Mannschaft sa\u00df im Schu\u00adlungsraum und erhielt \u00bbRotlichtbestrahlung\u00ab. So angenehm es einerseits war, an diesen Tagen mal nicht die \u00fcbliche Ein\u00adsatzausbildung zu haben, so unendlich dr\u00f6ge zog sich andererseits die ideologische Beriese\u00adlung hin. Offiziere leierten irgendwelche Phrasen her\u00adunter, die nicht einmal sie... Weiterlesen &raquo;","og_url":"https:\/\/starke-meinungen.de\/blog\/2024\/12\/18\/vom-sinn-des-soldatseins-erinnerungen-an-den-wehrdienst-in-der-ddr-teil-4-9\/","og_site_name":"starke-meinungen.de","article_publisher":"https:\/\/www.facebook.com\/starkemeinungen\/","article_author":"https:\/\/www.facebook.com\/profile.php?id=100009765761638","article_published_time":"2024-12-18T10:36:27+00:00","og_image":[{"width":300,"height":423,"url":"https:\/\/starke-meinungen.de\/blog\/wp-content\/uploads\/Rudolf-LerchWissen-und-kaempfen.jpg","type":"image\/jpeg"}],"author":"Frank B\u00f6ttcher","twitter_card":"summary_large_image","twitter_creator":"@Boettcher","twitter_site":"@starkemeinungen","twitter_misc":{"Verfasst von":"Frank B\u00f6ttcher","Gesch\u00e4tzte Lesezeit":"5\u00a0Minuten"},"schema":{"@context":"https:\/\/schema.org","@graph":[{"@type":"Article","@id":"https:\/\/starke-meinungen.de\/blog\/2024\/12\/18\/vom-sinn-des-soldatseins-erinnerungen-an-den-wehrdienst-in-der-ddr-teil-4-9\/#article","isPartOf":{"@id":"https:\/\/starke-meinungen.de\/blog\/2024\/12\/18\/vom-sinn-des-soldatseins-erinnerungen-an-den-wehrdienst-in-der-ddr-teil-4-9\/"},"author":{"name":"Frank B\u00f6ttcher","@id":"https:\/\/starke-meinungen.de\/blog\/#\/schema\/person\/b0b05aed2682647422f4762ac4bc423f"},"headline":"Vom Sinn des Soldatseins \u2013 Erinnerungen an den Wehrdienst in der DDR (Teil 4\/9)","datePublished":"2024-12-18T10:36:27+00:00","mainEntityOfPage":{"@id":"https:\/\/starke-meinungen.de\/blog\/2024\/12\/18\/vom-sinn-des-soldatseins-erinnerungen-an-den-wehrdienst-in-der-ddr-teil-4-9\/"},"wordCount":933,"commentCount":0,"publisher":{"@id":"https:\/\/starke-meinungen.de\/blog\/#organization"},"image":{"@id":"https:\/\/starke-meinungen.de\/blog\/2024\/12\/18\/vom-sinn-des-soldatseins-erinnerungen-an-den-wehrdienst-in-der-ddr-teil-4-9\/#primaryimage"},"thumbnailUrl":"https:\/\/starke-meinungen.de\/blog\/wp-content\/uploads\/Rudolf-LerchWissen-und-kaempfen.jpg","keywords":["Armee","DDR","Wehrdienst"],"inLanguage":"de","potentialAction":[{"@type":"CommentAction","name":"Comment","target":["https:\/\/starke-meinungen.de\/blog\/2024\/12\/18\/vom-sinn-des-soldatseins-erinnerungen-an-den-wehrdienst-in-der-ddr-teil-4-9\/#respond"]}]},{"@type":"WebPage","@id":"https:\/\/starke-meinungen.de\/blog\/2024\/12\/18\/vom-sinn-des-soldatseins-erinnerungen-an-den-wehrdienst-in-der-ddr-teil-4-9\/","url":"https:\/\/starke-meinungen.de\/blog\/2024\/12\/18\/vom-sinn-des-soldatseins-erinnerungen-an-den-wehrdienst-in-der-ddr-teil-4-9\/","name":"Vom Sinn des Soldatseins \u2013 Erinnerungen an den Wehrdienst in der DDR (Teil 4\/9) - starke-meinungen.de","isPartOf":{"@id":"https:\/\/starke-meinungen.de\/blog\/#website"},"primaryImageOfPage":{"@id":"https:\/\/starke-meinungen.de\/blog\/2024\/12\/18\/vom-sinn-des-soldatseins-erinnerungen-an-den-wehrdienst-in-der-ddr-teil-4-9\/#primaryimage"},"image":{"@id":"https:\/\/starke-meinungen.de\/blog\/2024\/12\/18\/vom-sinn-des-soldatseins-erinnerungen-an-den-wehrdienst-in-der-ddr-teil-4-9\/#primaryimage"},"thumbnailUrl":"https:\/\/starke-meinungen.de\/blog\/wp-content\/uploads\/Rudolf-LerchWissen-und-kaempfen.jpg","datePublished":"2024-12-18T10:36:27+00:00","breadcrumb":{"@id":"https:\/\/starke-meinungen.de\/blog\/2024\/12\/18\/vom-sinn-des-soldatseins-erinnerungen-an-den-wehrdienst-in-der-ddr-teil-4-9\/#breadcrumb"},"inLanguage":"de","potentialAction":[{"@type":"ReadAction","target":["https:\/\/starke-meinungen.de\/blog\/2024\/12\/18\/vom-sinn-des-soldatseins-erinnerungen-an-den-wehrdienst-in-der-ddr-teil-4-9\/"]}]},{"@type":"ImageObject","inLanguage":"de","@id":"https:\/\/starke-meinungen.de\/blog\/2024\/12\/18\/vom-sinn-des-soldatseins-erinnerungen-an-den-wehrdienst-in-der-ddr-teil-4-9\/#primaryimage","url":"https:\/\/starke-meinungen.de\/blog\/wp-content\/uploads\/Rudolf-LerchWissen-und-kaempfen.jpg","contentUrl":"https:\/\/starke-meinungen.de\/blog\/wp-content\/uploads\/Rudolf-LerchWissen-und-kaempfen.jpg","width":300,"height":423},{"@type":"BreadcrumbList","@id":"https:\/\/starke-meinungen.de\/blog\/2024\/12\/18\/vom-sinn-des-soldatseins-erinnerungen-an-den-wehrdienst-in-der-ddr-teil-4-9\/#breadcrumb","itemListElement":[{"@type":"ListItem","position":1,"name":"Startseite","item":"https:\/\/starke-meinungen.de\/blog\/"},{"@type":"ListItem","position":2,"name":"Vom Sinn des Soldatseins \u2013 Erinnerungen an den Wehrdienst in der DDR (Teil 4\/9)"}]},{"@type":"WebSite","@id":"https:\/\/starke-meinungen.de\/blog\/#website","url":"https:\/\/starke-meinungen.de\/blog\/","name":"starke-meinungen.de","description":"Autoren-Blog","publisher":{"@id":"https:\/\/starke-meinungen.de\/blog\/#organization"},"potentialAction":[{"@type":"SearchAction","target":{"@type":"EntryPoint","urlTemplate":"https:\/\/starke-meinungen.de\/blog\/?s={search_term_string}"},"query-input":{"@type":"PropertyValueSpecification","valueRequired":true,"valueName":"search_term_string"}}],"inLanguage":"de"},{"@type":"Organization","@id":"https:\/\/starke-meinungen.de\/blog\/#organization","name":"starke-meinungen.de","url":"https:\/\/starke-meinungen.de\/blog\/","logo":{"@type":"ImageObject","inLanguage":"de","@id":"https:\/\/starke-meinungen.de\/blog\/#\/schema\/logo\/image\/","url":"https:\/\/starke-meinungen.de\/blog\/wp-content\/uploads\/starke-meinungen-fb-header.jpg","contentUrl":"https:\/\/starke-meinungen.de\/blog\/wp-content\/uploads\/starke-meinungen-fb-header.jpg","width":1200,"height":630,"caption":"starke-meinungen.de"},"image":{"@id":"https:\/\/starke-meinungen.de\/blog\/#\/schema\/logo\/image\/"},"sameAs":["https:\/\/www.facebook.com\/starkemeinungen\/","https:\/\/x.com\/starkemeinungen"]},{"@type":"Person","@id":"https:\/\/starke-meinungen.de\/blog\/#\/schema\/person\/b0b05aed2682647422f4762ac4bc423f","name":"Frank B\u00f6ttcher","image":{"@type":"ImageObject","inLanguage":"de","@id":"https:\/\/secure.gravatar.com\/avatar\/ebf28f542e1104bb403e560249c9da3e8b8942e5d0e004ac130faa92eebcfb4f?s=96&d=mm&r=g","url":"https:\/\/secure.gravatar.com\/avatar\/ebf28f542e1104bb403e560249c9da3e8b8942e5d0e004ac130faa92eebcfb4f?s=96&d=mm&r=g","contentUrl":"https:\/\/secure.gravatar.com\/avatar\/ebf28f542e1104bb403e560249c9da3e8b8942e5d0e004ac130faa92eebcfb4f?s=96&d=mm&r=g","caption":"Frank B\u00f6ttcher"},"description":"Frank B\u00f6ttcher wurde 1960 in Lutherstadt Wittenberg geboren und lebt seit 1981 in Berlin. In den 1990er Jahren schrieb er Kunstkritiken und dergleichen f\u00fcr den Tagesspiegel. Vor allem aber ist er Verleger des 1995 gegr\u00fcndeten, bis heute existierenden kleinen, aber feinen Lukas Verlags.","sameAs":["https:\/\/www.lukasverlag.com\/component\/verlag\/autor\/90-frank-boettcher.html?Itemid=118","https:\/\/www.facebook.com\/profile.php?id=100009765761638","https:\/\/x.com\/Boettcher"],"url":"https:\/\/starke-meinungen.de\/blog\/author\/boettcher\/"}]}},"_links":{"self":[{"href":"https:\/\/starke-meinungen.de\/blog\/wp-json\/wp\/v2\/posts\/10601","targetHints":{"allow":["GET"]}}],"collection":[{"href":"https:\/\/starke-meinungen.de\/blog\/wp-json\/wp\/v2\/posts"}],"about":[{"href":"https:\/\/starke-meinungen.de\/blog\/wp-json\/wp\/v2\/types\/post"}],"author":[{"embeddable":true,"href":"https:\/\/starke-meinungen.de\/blog\/wp-json\/wp\/v2\/users\/61"}],"replies":[{"embeddable":true,"href":"https:\/\/starke-meinungen.de\/blog\/wp-json\/wp\/v2\/comments?post=10601"}],"version-history":[{"count":1,"href":"https:\/\/starke-meinungen.de\/blog\/wp-json\/wp\/v2\/posts\/10601\/revisions"}],"predecessor-version":[{"id":10604,"href":"https:\/\/starke-meinungen.de\/blog\/wp-json\/wp\/v2\/posts\/10601\/revisions\/10604"}],"wp:featuredmedia":[{"embeddable":true,"href":"https:\/\/starke-meinungen.de\/blog\/wp-json\/wp\/v2\/media\/10724"}],"wp:attachment":[{"href":"https:\/\/starke-meinungen.de\/blog\/wp-json\/wp\/v2\/media?parent=10601"}],"wp:term":[{"taxonomy":"category","embeddable":true,"href":"https:\/\/starke-meinungen.de\/blog\/wp-json\/wp\/v2\/categories?post=10601"},{"taxonomy":"post_tag","embeddable":true,"href":"https:\/\/starke-meinungen.de\/blog\/wp-json\/wp\/v2\/tags?post=10601"}],"curies":[{"name":"wp","href":"https:\/\/api.w.org\/{rel}","templated":true}]}}