

{"id":1057,"date":"2010-03-09T00:05:14","date_gmt":"2010-03-08T23:05:14","guid":{"rendered":"https:\/\/starke-meinungen.de\/blog\/?p=1057"},"modified":"2010-03-08T13:58:38","modified_gmt":"2010-03-08T12:58:38","slug":"padagogischer-eros-und-paderastie","status":"publish","type":"post","link":"https:\/\/starke-meinungen.de\/blog\/2010\/03\/09\/padagogischer-eros-und-paderastie\/","title":{"rendered":"P\u00e4dagogischer Eros und P\u00e4derastie"},"content":{"rendered":"<p>Es ist gut, dass jetzt auch \u2013 wieder \u2013 \u00fcber die F\u00e4lle von sexuellem Missbrauch an der Odenwaldschule gesprochen wird. Denn angesichts der t\u00e4glich neuen Offenbarungen \u00fcber P\u00e4derasten und Sadisten im kirchlichen Dienst k\u00f6nnte man zur falschen Ansicht gelangen, das Ph\u00e4nomen der \u201eUnzucht mit Abh\u00e4ngigen\u201c sei allein ein Problem perverser Priester.<\/p>\n<p>Dem ist nicht so. St\u00e4ndig wurden und werden die Grenzen zwischen p\u00e4dagogischem Eros und P\u00e4derastie \u00fcberschritten \u2013 in kirchlichen, privaten und staatlichen Heimen, Schulen, Sportvereinen und anderen Institutionen.<!--more--><\/p>\n<p>\u00dcber die Zust\u00e4nde an der Odenwaldschule in den 1970er und 1980er Jahren sagen ehemalige Sch\u00fcler und Sch\u00fclerinnen jetzt: \u201eJeder hat es gewusst\u201c. Gesagt haben nur wenige etwas, herausgekommen ist noch weniger. \u00dcber die Zust\u00e4nde in den heutigen Heimen und Schulen wei\u00df auch jeder, der damit etwas zu tun hat oder hatte, etwas zu berichten. Und auch da sagen nur wenige etwas, kommt noch weniger heraus.<\/p>\n<p>Vorweg: mir geht es nicht darum, die katholische Kirche aus ihrer Verantwortung zu entlassen. Sie steht zu Recht im Zentrum der Kritik \u2013 nicht nur wegen der Ausma\u00dfe der nun bekannt werdenden F\u00e4lle (die immer noch nur die Spitze des Eisbergs darstellen); nicht nur wegen der Kultur des Wegsehens, Verschweigens und Vertuschens; nicht nur wegen der vielf\u00e4ltigen Vereitelung strafrechtlicher Verfolgung; sondern vor allem wegen der ungeheuerlichen Bigotterie einer Institution, die jeden Splitter im Auge des anderen kritisiert, aber den Balken im eigenen Auge nicht sehen wollte und bis heute teilweise nicht sehen will.<\/p>\n<p>Aber die Vorf\u00e4lle an der Odenwaldschule \u2013 auch sie nur die Spitze eines Eisbergs \u2013 zeigen, dass die Diskussion \u00fcber den Z\u00f6libat und die Tabuisierung der Homosexualit\u00e4t \u2013 ja der Sexualit\u00e4t \u00fcberhaupt \u2013 in der katholischen Kirche Gefahr l\u00e4uft, in selbstgerechter Blindheit zu verharren. An der Odenwaldschule war die Sexualit\u00e4t in den 1970er und 1980er Jahren ganz gewiss nicht tabuisiert; die Lehrer waren ganz gewiss nicht zum Z\u00f6libat gezwungen, und in mindestens einem Fall, von dem mir ehemalige Sch\u00fcler berichtet haben, war der T\u00e4ter, der auf Schulausfl\u00fcgen M\u00e4dchen zum Strip-Poker animierte und Jungen mit Streicheleien an den Genitalien bedr\u00e4ngte, ein nach au\u00dfen hin \u201enormaler\u201c Familienvater.\u00a0 In zwei anderen F\u00e4llen handelte es sich um Homosexuelle, die ihre Neigung an der Schule nicht verstecken mussten und nicht versteckt haben. \u00dcbrigens schilderte Klaus Mann, selbst Z\u00f6gling des Internats, bereits vor dem Zweiten Weltkrieg den Internatsgr\u00fcnder Paul Geheeb als bisexuellen P\u00e4derasten.<\/p>\n<p>Auch die Bigotterie ist kein Alleinbesitz der katholischen Kirche. Der fr\u00fchere Leiter der Odenwaldschule, Gerold Becker, der nur deshalb dem Gef\u00e4ngnis entging, weil seine Taten\u00a0 zum Zeitpunkt ihrer Aufdeckung verj\u00e4hrt waren, ist studierter evangelischer Theologe und war lange nach Bekanntwerden der Zust\u00e4nde in seiner Odenwald-\u201eFamilie\u201c ein gern gesehener Redner bei kirchlichen Veranstaltungen zum Thema \u201eEthik und Erziehung\u201c.<\/p>\n<p>Und was Verschweigen und Vertuschen angeht: die Beziehungen zwischen Gerold Becker, seinem Lebensgef\u00e4hrten Hartmut von Hentig und anderen f\u00fchrenden Reformp\u00e4dagogen der Bundesrepublik, die entweder aus dem homoerotisch gepr\u00e4gten George-Kreis stammten oder zum erweiterten Netwerk dieses Kreises geh\u00f6rten, sorgten daf\u00fcr, dass Ausma\u00df und Folgen der st\u00e4ndigen Grenz\u00fcberschreitung zwischen p\u00e4dagogischem Eros und P\u00e4derastie nie thematisiert wurden.<\/p>\n<p>Wenn nicht die gesamte Reformp\u00e4dagogik, in den Strudel dieser Aff\u00e4re gezogen werden soll, was einige konservative P\u00e4dagogen sehr gern s\u00e4hen, m\u00fcssen die Aktivit\u00e4ten jenes \u201eNetzwerks von P\u00e4derasten\u201c um Gerold Becker, von dem ehemalige Sch\u00fcler sprechen, und jener Freunde und F\u00f6rderer, die wider besseres Wissen das Treiben des Netzwerks gedeckt haben, von den betroffenen Institutionen und Personen selbst aufgedeckt werden.<\/p>\n<p>Freilich haben einige gesellschaftliche Entwicklungen der letzten Zeit dazu beigetragen, dass diese Aufkl\u00e4rung schwierig wird. Der Schwulenbewegung ist es \u2013 erstens \u2013 gelungen, den Homosexuellen generell eine Art Opferstatus\u00a0 zu verschaffen, so dass jede Kritik an einzelnen Homosexuellen als Ausdruck von Homophobie erscheint. Nun gibt es unbestritten Homophobie in der Gesellschaft, sie wird etwa vom deutschen Papst offensiv vertreten. Sie gilt dennoch unter aufgekl\u00e4rten Menschen als nicht gesellschaftsf\u00e4hig, und das ist auch gut so. Sie muss genauso ge\u00e4chtet werden wie der Antisemitismus oder andere Formen der Diskriminierung von Minderheiten. Aber ein homosexueller P\u00e4derast ist eben ein P\u00e4derast.<\/p>\n<p>Zweitens hat in den letzten zwanzig bis drei\u00dfig Jahren die Frauenbewegung das Ausma\u00df der sexuellen \u00dcbergriffe auf M\u00e4dchen und junge Frauen, vor allem in der Familie, bewusst gemacht, so dass auch M\u00e4dchen generell eine Art Opferstatus innehaben. Fr\u00fcher hie\u00df es: tragen sie einen Minirock, werden sie von M\u00e4nnern dazu gezwungen. Heute hei\u00dft es: tragen sie ein Kopftuch, werden sie von M\u00e4nnern dazu gezwungen. Dass junge M\u00e4nner \u2013 k\u00fcnftige Patriarchen \u2013 ihrerseits Opfer sexueller \u00dcbergriffe sein k\u00f6nnten, und dies obendrein durch Individuen aus der Opfergruppe der Homosexuellen, passte nicht in den feministischen Opferdiskurs, der jeden Penistr\u00e4ger als potenziellen Vergewaltiger verd\u00e4chtigte.<\/p>\n<p>Und drittens sind ja nicht alle Opfer im gleichen Ma\u00dfe Opfer. Sch\u00fcler an der Odenwaldschule berichten, wie Gerold Beckers Lieblinge ihre erotische Macht \u00fcber ihn ausnutzten, straflos seine K\u00fcche verw\u00fcsteten, sein Auto zu Schrott fuhren und so weiter. Fast jeder m\u00e4nnliche Lehrer kann davon berichten, wie weibliche Sch\u00fclerinnen ihre erotische Macht einsetzen, um bessere Zensuren zu bekommen.<\/p>\n<p>Die Schule ist ein zutiefst erotisierter Raum. Dies gilt umso mehr f\u00fcr Internate und \u00e4hnliche Einrichtungen, was nicht gegen sie spricht. P\u00e4dagogik ist \u00fcberdies ohne ein gewisses Ma\u00df an Eros nicht denkbar. Dieses Eros, ob homo- oder heterosexuell, in den Dienst der Menschenbildung zu stellen, ist eine der gro\u00dfen Herausforderungen der P\u00e4dagogik. Wer es schlicht verneint und verdr\u00e4ngt, wie es die katholische Kirche offiziell jedenfalls tut, f\u00f6rdert die Perversion. Wer ihm aber einfach nachgibt, wie es einige Reformp\u00e4dagogen \u2013 und nicht nur sie \u2013 getan haben und wohl noch tun, pervertiert die Erziehung nicht minder. Wir sind \u2013 trotz \u201e68\u201c und dem Versuch, die Sexualit\u00e4t aus der Zone des Schmuddeligen und Verschwiegenen herauszuholen \u2013 noch weit entfernt von einer \u00f6ffentlichen Diskussion, die diesen Fragen ohne Tabuisierung und Skandalisierung nachgeht.<\/p>\n<div class=\"shariff shariff-align-left shariff-widget-align-left shariff-buttonstretch\" style=\"display:none\"><ul class=\"shariff-buttons theme-white orientation-horizontal buttonsize-medium\"><li class=\"shariff-button facebook shariff-nocustomcolor\" style=\"background-color:#4273c8\"><a href=\"https:\/\/www.facebook.com\/sharer\/sharer.php?u=https%3A%2F%2Fstarke-meinungen.de%2Fblog%2F2010%2F03%2F09%2Fpadagogischer-eros-und-paderastie%2F\" title=\"Bei Facebook teilen\" aria-label=\"Bei Facebook teilen\" role=\"button\" rel=\"nofollow\" class=\"shariff-link\" style=\"; background-color:#3b5998; color:#3b5998\" target=\"_blank\"><span class=\"shariff-icon\" style=\"fill:#3b5998\"><svg width=\"32px\" height=\"20px\" xmlns=\"http:\/\/www.w3.org\/2000\/svg\" viewBox=\"0 0 18 32\"><path fill=\"#3b5998\" d=\"M17.1 0.2v4.7h-2.8q-1.5 0-2.1 0.6t-0.5 1.9v3.4h5.2l-0.7 5.3h-4.5v13.6h-5.5v-13.6h-4.5v-5.3h4.5v-3.9q0-3.3 1.9-5.2t5-1.8q2.6 0 4.1 0.2z\"\/><\/svg><\/span><span class=\"shariff-text\" style=\"color:#3b5998\">teilen<\/span>&nbsp;<\/a><\/li><li class=\"shariff-button twitter shariff-nocustomcolor\" style=\"background-color:#595959\"><a href=\"https:\/\/twitter.com\/share?url=https%3A%2F%2Fstarke-meinungen.de%2Fblog%2F2010%2F03%2F09%2Fpadagogischer-eros-und-paderastie%2F&text=P%C3%A4dagogischer%20Eros%20und%20P%C3%A4derastie&via=starkemeinungen\" title=\"Bei X teilen\" aria-label=\"Bei X teilen\" role=\"button\" rel=\"noopener nofollow\" class=\"shariff-link\" style=\"; background-color:#000; color:#000\" target=\"_blank\"><span class=\"shariff-icon\" style=\"fill:#000\"><svg width=\"32px\" height=\"20px\" xmlns=\"http:\/\/www.w3.org\/2000\/svg\" viewBox=\"0 0 24 24\"><path fill=\"#000\" d=\"M14.258 10.152L23.176 0h-2.113l-7.747 8.813L7.133 0H0l9.352 13.328L0 23.973h2.113l8.176-9.309 6.531 9.309h7.133zm-2.895 3.293l-.949-1.328L2.875 1.56h3.246l6.086 8.523.945 1.328 7.91 11.078h-3.246zm0 0\"\/><\/svg><\/span><span class=\"shariff-text\" style=\"color:#000\">teilen<\/span>&nbsp;<\/a><\/li><li class=\"shariff-button linkedin shariff-nocustomcolor\" style=\"background-color:#1488bf\"><a href=\"https:\/\/www.linkedin.com\/sharing\/share-offsite\/?url=https%3A%2F%2Fstarke-meinungen.de%2Fblog%2F2010%2F03%2F09%2Fpadagogischer-eros-und-paderastie%2F\" title=\"Bei LinkedIn teilen\" aria-label=\"Bei LinkedIn teilen\" role=\"button\" rel=\"noopener nofollow\" class=\"shariff-link\" style=\"; background-color:#0077b5; color:#0077b5\" target=\"_blank\"><span class=\"shariff-icon\" style=\"fill:#0077b5\"><svg width=\"32px\" height=\"20px\" xmlns=\"http:\/\/www.w3.org\/2000\/svg\" viewBox=\"0 0 27 32\"><path fill=\"#0077b5\" d=\"M6.2 11.2v17.7h-5.9v-17.7h5.9zM6.6 5.7q0 1.3-0.9 2.2t-2.4 0.9h0q-1.5 0-2.4-0.9t-0.9-2.2 0.9-2.2 2.4-0.9 2.4 0.9 0.9 2.2zM27.4 18.7v10.1h-5.9v-9.5q0-1.9-0.7-2.9t-2.3-1.1q-1.1 0-1.9 0.6t-1.2 1.5q-0.2 0.5-0.2 1.4v9.9h-5.9q0-7.1 0-11.6t0-5.3l0-0.9h5.9v2.6h0q0.4-0.6 0.7-1t1-0.9 1.6-0.8 2-0.3q3 0 4.9 2t1.9 6z\"\/><\/svg><\/span><span class=\"shariff-text\" style=\"color:#0077b5\">teilen<\/span>&nbsp;<\/a><\/li><li class=\"shariff-button xing shariff-nocustomcolor\" style=\"background-color:#29888a\"><a href=\"https:\/\/www.xing.com\/spi\/shares\/new?url=https%3A%2F%2Fstarke-meinungen.de%2Fblog%2F2010%2F03%2F09%2Fpadagogischer-eros-und-paderastie%2F\" title=\"Bei XING teilen\" aria-label=\"Bei XING teilen\" role=\"button\" rel=\"noopener nofollow\" class=\"shariff-link\" style=\"; background-color:#126567; color:#126567\" target=\"_blank\"><span class=\"shariff-icon\" style=\"fill:#126567\"><svg width=\"32px\" height=\"20px\" xmlns=\"http:\/\/www.w3.org\/2000\/svg\" viewBox=\"0 0 25 32\"><path fill=\"#126567\" d=\"M10.7 11.9q-0.2 0.3-4.6 8.2-0.5 0.8-1.2 0.8h-4.3q-0.4 0-0.5-0.3t0-0.6l4.5-8q0 0 0 0l-2.9-5q-0.2-0.4 0-0.7 0.2-0.3 0.5-0.3h4.3q0.7 0 1.2 0.8zM25.1 0.4q0.2 0.3 0 0.7l-9.4 16.7 6 11q0.2 0.4 0 0.6-0.2 0.3-0.6 0.3h-4.3q-0.7 0-1.2-0.8l-6-11.1q0.3-0.6 9.5-16.8 0.4-0.8 1.2-0.8h4.3q0.4 0 0.5 0.3z\"\/><\/svg><\/span><span class=\"shariff-text\" style=\"color:#126567\">teilen<\/span>&nbsp;<\/a><\/li><li class=\"shariff-button whatsapp shariff-nocustomcolor\" style=\"background-color:#5cbe4a\"><a href=\"https:\/\/api.whatsapp.com\/send?text=https%3A%2F%2Fstarke-meinungen.de%2Fblog%2F2010%2F03%2F09%2Fpadagogischer-eros-und-paderastie%2F%20P%C3%A4dagogischer%20Eros%20und%20P%C3%A4derastie\" title=\"Bei Whatsapp teilen\" aria-label=\"Bei Whatsapp teilen\" role=\"button\" rel=\"noopener nofollow\" class=\"shariff-link\" style=\"; background-color:#34af23; color:#34af23\" target=\"_blank\"><span class=\"shariff-icon\" style=\"fill:#34af23\"><svg width=\"32px\" height=\"20px\" xmlns=\"http:\/\/www.w3.org\/2000\/svg\" viewBox=\"0 0 32 32\"><path fill=\"#34af23\" d=\"M17.6 17.4q0.2 0 1.7 0.8t1.6 0.9q0 0.1 0 0.3 0 0.6-0.3 1.4-0.3 0.7-1.3 1.2t-1.8 0.5q-1 0-3.4-1.1-1.7-0.8-3-2.1t-2.6-3.3q-1.3-1.9-1.3-3.5v-0.1q0.1-1.6 1.3-2.8 0.4-0.4 0.9-0.4 0.1 0 0.3 0t0.3 0q0.3 0 0.5 0.1t0.3 0.5q0.1 0.4 0.6 1.6t0.4 1.3q0 0.4-0.6 1t-0.6 0.8q0 0.1 0.1 0.3 0.6 1.3 1.8 2.4 1 0.9 2.7 1.8 0.2 0.1 0.4 0.1 0.3 0 1-0.9t0.9-0.9zM14 26.9q2.3 0 4.3-0.9t3.6-2.4 2.4-3.6 0.9-4.3-0.9-4.3-2.4-3.6-3.6-2.4-4.3-0.9-4.3 0.9-3.6 2.4-2.4 3.6-0.9 4.3q0 3.6 2.1 6.6l-1.4 4.2 4.3-1.4q2.8 1.9 6.2 1.9zM14 2.2q2.7 0 5.2 1.1t4.3 2.9 2.9 4.3 1.1 5.2-1.1 5.2-2.9 4.3-4.3 2.9-5.2 1.1q-3.5 0-6.5-1.7l-7.4 2.4 2.4-7.2q-1.9-3.2-1.9-6.9 0-2.7 1.1-5.2t2.9-4.3 4.3-2.9 5.2-1.1z\"\/><\/svg><\/span><span class=\"shariff-text\" style=\"color:#34af23\">teilen<\/span>&nbsp;<\/a><\/li><li class=\"shariff-button info shariff-nocustomcolor\" style=\"background-color:#a8a8a8\"><a href=\"http:\/\/ct.de\/-2467514\" title=\"Weitere Informationen\" aria-label=\"Weitere Informationen\" role=\"button\" rel=\"noopener \" class=\"shariff-link\" style=\"; background-color:#999; color:#999\" target=\"_blank\"><span class=\"shariff-icon\" style=\"fill:#999\"><svg width=\"32px\" height=\"20px\" xmlns=\"http:\/\/www.w3.org\/2000\/svg\" viewBox=\"0 0 11 32\"><path fill=\"#999\" d=\"M11.4 24v2.3q0 0.5-0.3 0.8t-0.8 0.4h-9.1q-0.5 0-0.8-0.4t-0.4-0.8v-2.3q0-0.5 0.4-0.8t0.8-0.4h1.1v-6.8h-1.1q-0.5 0-0.8-0.4t-0.4-0.8v-2.3q0-0.5 0.4-0.8t0.8-0.4h6.8q0.5 0 0.8 0.4t0.4 0.8v10.3h1.1q0.5 0 0.8 0.4t0.3 0.8zM9.2 3.4v3.4q0 0.5-0.4 0.8t-0.8 0.4h-4.6q-0.4 0-0.8-0.4t-0.4-0.8v-3.4q0-0.4 0.4-0.8t0.8-0.4h4.6q0.5 0 0.8 0.4t0.4 0.8z\"\/><\/svg><\/span><\/a><\/li><\/ul><\/div>","protected":false},"excerpt":{"rendered":"<p>Es ist gut, dass jetzt auch \u2013 wieder \u2013 \u00fcber die F\u00e4lle von sexuellem Missbrauch an der Odenwaldschule gesprochen wird. Denn angesichts der t\u00e4glich neuen Offenbarungen \u00fcber P\u00e4derasten und Sadisten im kirchlichen Dienst k\u00f6nnte man zur falschen Ansicht gelangen, das Ph\u00e4nomen der \u201eUnzucht mit Abh\u00e4ngigen\u201c sei allein ein Problem perverser Priester. Dem ist nicht so. St\u00e4ndig wurden und werden die&#8230; <a href=\"https:\/\/starke-meinungen.de\/blog\/2010\/03\/09\/padagogischer-eros-und-paderastie\/\">Weiterlesen &raquo;<\/a><\/p>\n","protected":false},"author":13,"featured_media":0,"comment_status":"open","ping_status":"open","sticky":false,"template":"","format":"standard","meta":{"footnotes":""},"categories":[209,1],"tags":[702,776,775,778,657,764,774,777,782,779,780,781,698],"class_list":["post-1057","post","type-post","status-publish","format-standard","hentry","category-alan-posener","category-allgemein","tag-bigotterie","tag-eros","tag-ethos","tag-heime","tag-homosexualitat","tag-odenwaldschule","tag-padagogik","tag-paderastie","tag-reformpadagogik","tag-schulen","tag-verschweigen","tag-vertuschen","tag-zolibat"],"yoast_head":"<!-- This site is optimized with the Yoast SEO plugin v27.5 - https:\/\/yoast.com\/product\/yoast-seo-wordpress\/ -->\n<title>P\u00e4dagogischer Eros und P\u00e4derastie - starke-meinungen.de<\/title>\n<meta name=\"robots\" content=\"index, follow, max-snippet:-1, max-image-preview:large, max-video-preview:-1\" \/>\n<link rel=\"canonical\" href=\"https:\/\/starke-meinungen.de\/blog\/2010\/03\/09\/padagogischer-eros-und-paderastie\/\" \/>\n<meta property=\"og:locale\" content=\"de_DE\" \/>\n<meta property=\"og:type\" content=\"article\" \/>\n<meta property=\"og:title\" content=\"P\u00e4dagogischer Eros und P\u00e4derastie - starke-meinungen.de\" \/>\n<meta property=\"og:description\" content=\"Es ist gut, dass jetzt auch \u2013 wieder \u2013 \u00fcber die F\u00e4lle von sexuellem Missbrauch an der Odenwaldschule gesprochen wird. Denn angesichts der t\u00e4glich neuen Offenbarungen \u00fcber P\u00e4derasten und Sadisten im kirchlichen Dienst k\u00f6nnte man zur falschen Ansicht gelangen, das Ph\u00e4nomen der \u201eUnzucht mit Abh\u00e4ngigen\u201c sei allein ein Problem perverser Priester. Dem ist nicht so. St\u00e4ndig wurden und werden die... Weiterlesen &raquo;\" \/>\n<meta property=\"og:url\" content=\"https:\/\/starke-meinungen.de\/blog\/2010\/03\/09\/padagogischer-eros-und-paderastie\/\" \/>\n<meta property=\"og:site_name\" content=\"starke-meinungen.de\" \/>\n<meta property=\"article:publisher\" content=\"https:\/\/www.facebook.com\/starkemeinungen\/\" \/>\n<meta property=\"article:published_time\" content=\"2010-03-08T23:05:14+00:00\" \/>\n<meta property=\"og:image\" content=\"https:\/\/starke-meinungen.de\/blog\/wp-content\/uploads\/starke-meinungen-fb-header.jpg\" \/>\n\t<meta property=\"og:image:width\" content=\"1200\" \/>\n\t<meta property=\"og:image:height\" content=\"630\" \/>\n\t<meta property=\"og:image:type\" content=\"image\/jpeg\" \/>\n<meta name=\"author\" content=\"Alan Posener\" \/>\n<meta name=\"twitter:card\" content=\"summary_large_image\" \/>\n<meta name=\"twitter:creator\" content=\"@starkemeinungen\" \/>\n<meta name=\"twitter:site\" content=\"@starkemeinungen\" \/>\n<meta name=\"twitter:label1\" content=\"Verfasst von\" \/>\n\t<meta name=\"twitter:data1\" content=\"Alan Posener\" \/>\n\t<meta name=\"twitter:label2\" content=\"Gesch\u00e4tzte Lesezeit\" \/>\n\t<meta name=\"twitter:data2\" content=\"5\u00a0Minuten\" \/>\n<script type=\"application\/ld+json\" class=\"yoast-schema-graph\">{\"@context\":\"https:\\\/\\\/schema.org\",\"@graph\":[{\"@type\":\"Article\",\"@id\":\"https:\\\/\\\/starke-meinungen.de\\\/blog\\\/2010\\\/03\\\/09\\\/padagogischer-eros-und-paderastie\\\/#article\",\"isPartOf\":{\"@id\":\"https:\\\/\\\/starke-meinungen.de\\\/blog\\\/2010\\\/03\\\/09\\\/padagogischer-eros-und-paderastie\\\/\"},\"author\":{\"name\":\"Alan Posener\",\"@id\":\"https:\\\/\\\/starke-meinungen.de\\\/blog\\\/#\\\/schema\\\/person\\\/32d0faef7c31a37c1c89be993d7a6d28\"},\"headline\":\"P\u00e4dagogischer Eros und P\u00e4derastie\",\"datePublished\":\"2010-03-08T23:05:14+00:00\",\"mainEntityOfPage\":{\"@id\":\"https:\\\/\\\/starke-meinungen.de\\\/blog\\\/2010\\\/03\\\/09\\\/padagogischer-eros-und-paderastie\\\/\"},\"wordCount\":1014,\"commentCount\":15,\"publisher\":{\"@id\":\"https:\\\/\\\/starke-meinungen.de\\\/blog\\\/#organization\"},\"keywords\":[\"Bigotterie\",\"Eros\",\"Ethos\",\"Heime\",\"Homosexualit\u00e4t\",\"Odenwaldschule\",\"P\u00e4dagogik\",\"P\u00e4derastie\",\"Reformp\u00e4dagogik\",\"Schulen\",\"Verschweigen\",\"Vertuschen\",\"Z\u00f6libat\"],\"articleSection\":[\"Alan Posener\"],\"inLanguage\":\"de\",\"potentialAction\":[{\"@type\":\"CommentAction\",\"name\":\"Comment\",\"target\":[\"https:\\\/\\\/starke-meinungen.de\\\/blog\\\/2010\\\/03\\\/09\\\/padagogischer-eros-und-paderastie\\\/#respond\"]}]},{\"@type\":\"WebPage\",\"@id\":\"https:\\\/\\\/starke-meinungen.de\\\/blog\\\/2010\\\/03\\\/09\\\/padagogischer-eros-und-paderastie\\\/\",\"url\":\"https:\\\/\\\/starke-meinungen.de\\\/blog\\\/2010\\\/03\\\/09\\\/padagogischer-eros-und-paderastie\\\/\",\"name\":\"P\u00e4dagogischer Eros und P\u00e4derastie - starke-meinungen.de\",\"isPartOf\":{\"@id\":\"https:\\\/\\\/starke-meinungen.de\\\/blog\\\/#website\"},\"datePublished\":\"2010-03-08T23:05:14+00:00\",\"breadcrumb\":{\"@id\":\"https:\\\/\\\/starke-meinungen.de\\\/blog\\\/2010\\\/03\\\/09\\\/padagogischer-eros-und-paderastie\\\/#breadcrumb\"},\"inLanguage\":\"de\",\"potentialAction\":[{\"@type\":\"ReadAction\",\"target\":[\"https:\\\/\\\/starke-meinungen.de\\\/blog\\\/2010\\\/03\\\/09\\\/padagogischer-eros-und-paderastie\\\/\"]}]},{\"@type\":\"BreadcrumbList\",\"@id\":\"https:\\\/\\\/starke-meinungen.de\\\/blog\\\/2010\\\/03\\\/09\\\/padagogischer-eros-und-paderastie\\\/#breadcrumb\",\"itemListElement\":[{\"@type\":\"ListItem\",\"position\":1,\"name\":\"Startseite\",\"item\":\"https:\\\/\\\/starke-meinungen.de\\\/blog\\\/\"},{\"@type\":\"ListItem\",\"position\":2,\"name\":\"P\u00e4dagogischer Eros und P\u00e4derastie\"}]},{\"@type\":\"WebSite\",\"@id\":\"https:\\\/\\\/starke-meinungen.de\\\/blog\\\/#website\",\"url\":\"https:\\\/\\\/starke-meinungen.de\\\/blog\\\/\",\"name\":\"starke-meinungen.de\",\"description\":\"Autoren-Blog\",\"publisher\":{\"@id\":\"https:\\\/\\\/starke-meinungen.de\\\/blog\\\/#organization\"},\"potentialAction\":[{\"@type\":\"SearchAction\",\"target\":{\"@type\":\"EntryPoint\",\"urlTemplate\":\"https:\\\/\\\/starke-meinungen.de\\\/blog\\\/?s={search_term_string}\"},\"query-input\":{\"@type\":\"PropertyValueSpecification\",\"valueRequired\":true,\"valueName\":\"search_term_string\"}}],\"inLanguage\":\"de\"},{\"@type\":\"Organization\",\"@id\":\"https:\\\/\\\/starke-meinungen.de\\\/blog\\\/#organization\",\"name\":\"starke-meinungen.de\",\"url\":\"https:\\\/\\\/starke-meinungen.de\\\/blog\\\/\",\"logo\":{\"@type\":\"ImageObject\",\"inLanguage\":\"de\",\"@id\":\"https:\\\/\\\/starke-meinungen.de\\\/blog\\\/#\\\/schema\\\/logo\\\/image\\\/\",\"url\":\"https:\\\/\\\/starke-meinungen.de\\\/blog\\\/wp-content\\\/uploads\\\/starke-meinungen-fb-header.jpg\",\"contentUrl\":\"https:\\\/\\\/starke-meinungen.de\\\/blog\\\/wp-content\\\/uploads\\\/starke-meinungen-fb-header.jpg\",\"width\":1200,\"height\":630,\"caption\":\"starke-meinungen.de\"},\"image\":{\"@id\":\"https:\\\/\\\/starke-meinungen.de\\\/blog\\\/#\\\/schema\\\/logo\\\/image\\\/\"},\"sameAs\":[\"https:\\\/\\\/www.facebook.com\\\/starkemeinungen\\\/\",\"https:\\\/\\\/x.com\\\/starkemeinungen\"]},{\"@type\":\"Person\",\"@id\":\"https:\\\/\\\/starke-meinungen.de\\\/blog\\\/#\\\/schema\\\/person\\\/32d0faef7c31a37c1c89be993d7a6d28\",\"name\":\"Alan Posener\",\"image\":{\"@type\":\"ImageObject\",\"inLanguage\":\"de\",\"@id\":\"https:\\\/\\\/secure.gravatar.com\\\/avatar\\\/c75c8818a9ab78c4faa75048dba7844e2587998cda4d93f84e7d86f7e21a9b90?s=96&d=mm&r=g\",\"url\":\"https:\\\/\\\/secure.gravatar.com\\\/avatar\\\/c75c8818a9ab78c4faa75048dba7844e2587998cda4d93f84e7d86f7e21a9b90?s=96&d=mm&r=g\",\"contentUrl\":\"https:\\\/\\\/secure.gravatar.com\\\/avatar\\\/c75c8818a9ab78c4faa75048dba7844e2587998cda4d93f84e7d86f7e21a9b90?s=96&d=mm&r=g\",\"caption\":\"Alan Posener\"},\"url\":\"https:\\\/\\\/starke-meinungen.de\\\/blog\\\/author\\\/posener\\\/\"}]}<\/script>\n<!-- \/ Yoast SEO plugin. -->","yoast_head_json":{"title":"P\u00e4dagogischer Eros und P\u00e4derastie - starke-meinungen.de","robots":{"index":"index","follow":"follow","max-snippet":"max-snippet:-1","max-image-preview":"max-image-preview:large","max-video-preview":"max-video-preview:-1"},"canonical":"https:\/\/starke-meinungen.de\/blog\/2010\/03\/09\/padagogischer-eros-und-paderastie\/","og_locale":"de_DE","og_type":"article","og_title":"P\u00e4dagogischer Eros und P\u00e4derastie - starke-meinungen.de","og_description":"Es ist gut, dass jetzt auch \u2013 wieder \u2013 \u00fcber die F\u00e4lle von sexuellem Missbrauch an der Odenwaldschule gesprochen wird. Denn angesichts der t\u00e4glich neuen Offenbarungen \u00fcber P\u00e4derasten und Sadisten im kirchlichen Dienst k\u00f6nnte man zur falschen Ansicht gelangen, das Ph\u00e4nomen der \u201eUnzucht mit Abh\u00e4ngigen\u201c sei allein ein Problem perverser Priester. Dem ist nicht so. St\u00e4ndig wurden und werden die... Weiterlesen &raquo;","og_url":"https:\/\/starke-meinungen.de\/blog\/2010\/03\/09\/padagogischer-eros-und-paderastie\/","og_site_name":"starke-meinungen.de","article_publisher":"https:\/\/www.facebook.com\/starkemeinungen\/","article_published_time":"2010-03-08T23:05:14+00:00","og_image":[{"width":1200,"height":630,"url":"https:\/\/starke-meinungen.de\/blog\/wp-content\/uploads\/starke-meinungen-fb-header.jpg","type":"image\/jpeg"}],"author":"Alan Posener","twitter_card":"summary_large_image","twitter_creator":"@starkemeinungen","twitter_site":"@starkemeinungen","twitter_misc":{"Verfasst von":"Alan Posener","Gesch\u00e4tzte Lesezeit":"5\u00a0Minuten"},"schema":{"@context":"https:\/\/schema.org","@graph":[{"@type":"Article","@id":"https:\/\/starke-meinungen.de\/blog\/2010\/03\/09\/padagogischer-eros-und-paderastie\/#article","isPartOf":{"@id":"https:\/\/starke-meinungen.de\/blog\/2010\/03\/09\/padagogischer-eros-und-paderastie\/"},"author":{"name":"Alan Posener","@id":"https:\/\/starke-meinungen.de\/blog\/#\/schema\/person\/32d0faef7c31a37c1c89be993d7a6d28"},"headline":"P\u00e4dagogischer Eros und P\u00e4derastie","datePublished":"2010-03-08T23:05:14+00:00","mainEntityOfPage":{"@id":"https:\/\/starke-meinungen.de\/blog\/2010\/03\/09\/padagogischer-eros-und-paderastie\/"},"wordCount":1014,"commentCount":15,"publisher":{"@id":"https:\/\/starke-meinungen.de\/blog\/#organization"},"keywords":["Bigotterie","Eros","Ethos","Heime","Homosexualit\u00e4t","Odenwaldschule","P\u00e4dagogik","P\u00e4derastie","Reformp\u00e4dagogik","Schulen","Verschweigen","Vertuschen","Z\u00f6libat"],"articleSection":["Alan Posener"],"inLanguage":"de","potentialAction":[{"@type":"CommentAction","name":"Comment","target":["https:\/\/starke-meinungen.de\/blog\/2010\/03\/09\/padagogischer-eros-und-paderastie\/#respond"]}]},{"@type":"WebPage","@id":"https:\/\/starke-meinungen.de\/blog\/2010\/03\/09\/padagogischer-eros-und-paderastie\/","url":"https:\/\/starke-meinungen.de\/blog\/2010\/03\/09\/padagogischer-eros-und-paderastie\/","name":"P\u00e4dagogischer Eros und P\u00e4derastie - starke-meinungen.de","isPartOf":{"@id":"https:\/\/starke-meinungen.de\/blog\/#website"},"datePublished":"2010-03-08T23:05:14+00:00","breadcrumb":{"@id":"https:\/\/starke-meinungen.de\/blog\/2010\/03\/09\/padagogischer-eros-und-paderastie\/#breadcrumb"},"inLanguage":"de","potentialAction":[{"@type":"ReadAction","target":["https:\/\/starke-meinungen.de\/blog\/2010\/03\/09\/padagogischer-eros-und-paderastie\/"]}]},{"@type":"BreadcrumbList","@id":"https:\/\/starke-meinungen.de\/blog\/2010\/03\/09\/padagogischer-eros-und-paderastie\/#breadcrumb","itemListElement":[{"@type":"ListItem","position":1,"name":"Startseite","item":"https:\/\/starke-meinungen.de\/blog\/"},{"@type":"ListItem","position":2,"name":"P\u00e4dagogischer Eros und P\u00e4derastie"}]},{"@type":"WebSite","@id":"https:\/\/starke-meinungen.de\/blog\/#website","url":"https:\/\/starke-meinungen.de\/blog\/","name":"starke-meinungen.de","description":"Autoren-Blog","publisher":{"@id":"https:\/\/starke-meinungen.de\/blog\/#organization"},"potentialAction":[{"@type":"SearchAction","target":{"@type":"EntryPoint","urlTemplate":"https:\/\/starke-meinungen.de\/blog\/?s={search_term_string}"},"query-input":{"@type":"PropertyValueSpecification","valueRequired":true,"valueName":"search_term_string"}}],"inLanguage":"de"},{"@type":"Organization","@id":"https:\/\/starke-meinungen.de\/blog\/#organization","name":"starke-meinungen.de","url":"https:\/\/starke-meinungen.de\/blog\/","logo":{"@type":"ImageObject","inLanguage":"de","@id":"https:\/\/starke-meinungen.de\/blog\/#\/schema\/logo\/image\/","url":"https:\/\/starke-meinungen.de\/blog\/wp-content\/uploads\/starke-meinungen-fb-header.jpg","contentUrl":"https:\/\/starke-meinungen.de\/blog\/wp-content\/uploads\/starke-meinungen-fb-header.jpg","width":1200,"height":630,"caption":"starke-meinungen.de"},"image":{"@id":"https:\/\/starke-meinungen.de\/blog\/#\/schema\/logo\/image\/"},"sameAs":["https:\/\/www.facebook.com\/starkemeinungen\/","https:\/\/x.com\/starkemeinungen"]},{"@type":"Person","@id":"https:\/\/starke-meinungen.de\/blog\/#\/schema\/person\/32d0faef7c31a37c1c89be993d7a6d28","name":"Alan Posener","image":{"@type":"ImageObject","inLanguage":"de","@id":"https:\/\/secure.gravatar.com\/avatar\/c75c8818a9ab78c4faa75048dba7844e2587998cda4d93f84e7d86f7e21a9b90?s=96&d=mm&r=g","url":"https:\/\/secure.gravatar.com\/avatar\/c75c8818a9ab78c4faa75048dba7844e2587998cda4d93f84e7d86f7e21a9b90?s=96&d=mm&r=g","contentUrl":"https:\/\/secure.gravatar.com\/avatar\/c75c8818a9ab78c4faa75048dba7844e2587998cda4d93f84e7d86f7e21a9b90?s=96&d=mm&r=g","caption":"Alan Posener"},"url":"https:\/\/starke-meinungen.de\/blog\/author\/posener\/"}]}},"_links":{"self":[{"href":"https:\/\/starke-meinungen.de\/blog\/wp-json\/wp\/v2\/posts\/1057","targetHints":{"allow":["GET"]}}],"collection":[{"href":"https:\/\/starke-meinungen.de\/blog\/wp-json\/wp\/v2\/posts"}],"about":[{"href":"https:\/\/starke-meinungen.de\/blog\/wp-json\/wp\/v2\/types\/post"}],"author":[{"embeddable":true,"href":"https:\/\/starke-meinungen.de\/blog\/wp-json\/wp\/v2\/users\/13"}],"replies":[{"embeddable":true,"href":"https:\/\/starke-meinungen.de\/blog\/wp-json\/wp\/v2\/comments?post=1057"}],"version-history":[{"count":3,"href":"https:\/\/starke-meinungen.de\/blog\/wp-json\/wp\/v2\/posts\/1057\/revisions"}],"predecessor-version":[{"id":1059,"href":"https:\/\/starke-meinungen.de\/blog\/wp-json\/wp\/v2\/posts\/1057\/revisions\/1059"}],"wp:attachment":[{"href":"https:\/\/starke-meinungen.de\/blog\/wp-json\/wp\/v2\/media?parent=1057"}],"wp:term":[{"taxonomy":"category","embeddable":true,"href":"https:\/\/starke-meinungen.de\/blog\/wp-json\/wp\/v2\/categories?post=1057"},{"taxonomy":"post_tag","embeddable":true,"href":"https:\/\/starke-meinungen.de\/blog\/wp-json\/wp\/v2\/tags?post=1057"}],"curies":[{"name":"wp","href":"https:\/\/api.w.org\/{rel}","templated":true}]}}