

{"id":10539,"date":"2024-12-10T11:02:20","date_gmt":"2024-12-10T10:02:20","guid":{"rendered":"https:\/\/starke-meinungen.de\/blog\/?p=10539"},"modified":"2026-01-30T12:14:50","modified_gmt":"2026-01-30T11:14:50","slug":"rueckkehr-nach-syrien-ja","status":"publish","type":"post","link":"https:\/\/starke-meinungen.de\/blog\/2024\/12\/10\/rueckkehr-nach-syrien-ja\/","title":{"rendered":"R\u00fcckkehr nach Syrien? Ja!"},"content":{"rendered":"<p><strong>K\u00f6nnen, sollen syrische Fl\u00fcchtlinge nach dem Ende der Tyrannei zur\u00fcckgeschickt werden? Aus Prinzip ja, allerdings sicher nicht sofort. Und nicht alle. Dennoch ist die Debatte dar\u00fcber richtig und notwendig. Und keineswegs verwerflich. Auch und gerade nicht im Wahlkampf.<\/strong><\/p>\n<p>Diskussionen \u00fcber Asyl, Flucht und Migration werden schon immer gerne bar jeder zumindest tieferen Sachkenntnis gef\u00fchrt. Daf\u00fcr umso hitziger. Und meist ergebnislos. So ist es auch jetzt zu bef\u00fcrchten. Kaum war das blutr\u00fcnstige Regime des Assad-Clans am Wochenende nach mehr als einem halben Jahrhundert endlich gest\u00fcrzt worden, forderten Politiker vornehmlich der Union, die ca. eine Millionen Kriegsfl\u00fcchtlinge aus Syrien, die in Deutschland leben, zur\u00fcck zu weisen. Genauso schnell hielten andere dagegen, das gehe \u00fcberhaupt, sei zynisch, menschenverachtend und blo\u00dfe Wahlkampfrhetorik zugunsten der AfD. Beides erkennbarer Unsinn.<!--more--><\/p>\n<p>Wie oft hilft es, sich die Sache n\u00fcchtern anhand der tats\u00e4chlichen, auch rechtlichen Lage anzuschauen.<\/p>\n<p>1. Das Asylrecht im Grundgesetz wurde nach dem Ende der Nazi-Tyrannei im Bewusstsein der millionenfachen Verfolgung und Ermordung aus politischen, rassischen und religi\u00f6sen Gr\u00fcnden geschaffen, um solche Menschen f\u00fcrderhin zu sch\u00fctzen, auch weil es andere L\u00e4nder nicht getan hatten. Nicht um alle Notleidenden der Welt aufzunehmen. Die Allermeisten, die in Deutschland Asyl beantragen, bekommen es deshalb auch nicht und werden nicht als asylberechtigt anerkannt.<\/p>\n<h5>Schutz nur auf Zeit<\/h5>\n<p>Das gilt auch f\u00fcr die etwa eine Millionen Menschen aus Syrien, die seit 2015 oder schon vorher kamen. Stattdessen erhielten sie und erhalten auch Fl\u00fcchtlinge aus anderen L\u00e4ndern in der Regel sogenannten subsidi\u00e4ren Schutz, weil und solange ihnen bei einer R\u00fcckkehr Gefahr f\u00fcr Leib und Leben droht. Wenn das nicht mehr gegeben ist, m\u00fcssen oder sollten sie das Land wieder verlassen, da sie keines Schutzes mehr bed\u00fcrfen.<\/p>\n<p>Daher ist es auch vollkommen folgerichtig, dass das Bundesamt f\u00fcr Flucht und Migration sofort entschieden hat, alle noch nicht beschiedenen Antr\u00e4ge von Syrern vorerst zur\u00fcckzustellen. Was nicht bedeutet, dass die nun alle abgewiesen werden und auch die abgeschoben werden k\u00f6nnen, die bereits als schutzbed\u00fcrftig anerkannt wurden. Das h\u00e4ngt im Wesentlichen davon ab, wie sich die Lage in Syrien entwickelt. Nicht von der Debatte hier.<\/p>\n<h5>Fl\u00fcchtlinge wollen zur\u00fcck<\/h5>\n<p>2. Die meisten tats\u00e4chlichen Fl\u00fcchtlinge wollen so schnell wie m\u00f6glich in ihre Heimat zur\u00fcck, sobald es ihnen gefahrlos erscheint. Deshalb bleiben ja auch die allermeisten der sch\u00e4tzungsweise 100 Millionen Menschen auf der Welt, die ihre Heimatl\u00e4nder wegen B\u00fcrgerkriegen, Hungersn\u00f6ten, Natur- und sonstigen Katastophen verlassen mussten, in unmittelbaren Nachbarstaaten. Oder fliehen &#8211; wie auch Millionen Syrer &#8211; innerhalb ihrer L\u00e4nder in andere, sicherere Regionen. Nur die allerwenigsten kommen nach Europa.<\/p>\n<p>Auch von den Syrern in Deutschland d\u00fcrften nun viele auf gepackten Kofferen sitzen, um zu ihren Familien, in ihre H\u00e4user, D\u00f6rfer und St\u00e4dte zur\u00fcckzukehren und ihre Heimat wieder aufzubauen \u2013 falls dort nicht unter den neuen Machthabern eine neue, islamistische Diktatur entsteht oder ein neuerlicher B\u00fcrgerkrieg mit internationaler Beteiligung, diesmal vor allem der T\u00fcrkei entbrennt. Das abzuwarten, w\u00fcrde allerdings hei\u00dfen, dass man die Syrer wahrscheinlich nie, mindestens f\u00fcr lange Zeit nicht zur\u00fcckschicken k\u00f6nnte. Auch deshalb ist die Debatte jetzt richtig.<\/p>\n<p>3. Eine R\u00fcckkehr der syrischen Fl\u00fcchtlinge w\u00fcrde genauso wie eine Neujustierung der Asyl- und Fl\u00fcchtlingspolitik durch die k\u00fcnftige neue Bundesregierung die Akzeptanz und Unterst\u00fctzung in der Bev\u00f6lkerung f\u00fcr Schutzbed\u00fcrftige st\u00e4rken. Und der AfD, dem BSW und sonstigen Ausl\u00e4nder- und Migrationsfeinden Wasser abgraben. Denn es w\u00fcrde einerseits zeigen, dass die deutsche Politik die Schutzverpflichtung aus dem Grundgesetz und dem Europ\u00e4ischen und internationalen V\u00f6lkerrecht ernst nimmt, andererseits jedoch Recht und Gesetz gelten. Und es w\u00fcrde Platz und Aufnahmem\u00f6glichkeiten f\u00fcr andere schaffen, die Schutz brauchen.<\/p>\n<p>W\u00e4hrend des Kriegs in Bosnien hat die Bundesrepublik Hunderttausende von dort aufgenommen. Auch von ihnen sind die meisten nach dem Ende des Kriegs rasch wieder in ihre Heimat gegangen. Freiwillig. Ich habe im Somme einen von ihnen kennengelernt. Er hat den Krieg als kleines Kind erlebt. &#8222;Ich war drei, als ich auf dem Balkon spielte und ein serbischer Scharfsch\u00fctze auf mich schoss. Die Kugel flog nur knapp an meinem Kopf vorbei&#8220;, berichtete er. Die Familie floh nach Deutschland, fuhr sp\u00e4ter zur\u00fcck, musste jedoch erleben, dass sie als Bosniaken und Muslime in ihrer geteilten Heimatstadt von den Kroaten unterdr\u00fcckt wurden: &#8222;Gute Jobs bekommen dort nur Angeh\u00f6rige der kroatischen Oberschicht.&#8220; Deshalb kehrte die Familie wieder nach Deutschland zur\u00fcck &#8211; als Migranten, nicht als Fl\u00fcchtlinge. Vater und Sohn arbeiten nun hier als Elektriker.<\/p>\n<h5>Eine Frage der Menschlichkeit<\/h5>\n<p>Auch von den Kriegsvertriebenen aus der Ukraine sind bereits viele zur\u00fcckgefahren, als die russischen Angriffe zeitweise nachlie\u00dfen. Oder schlicht, weil sie trotz aller Gefahren und dem st\u00e4ndigen Bombardement Sehnsucht nach ihrer Heimat, ihren Freunden und Verwandten und ihrem gewohnten Leben hatten und haben. Ich kenne eine Reihe von ihnen, um die ich mich gek\u00fcmmert habe. Mir erschien es teilweise verr\u00fcckt, wenn ich die Nachrichten aus der Ukraine und ihren Heimatst\u00e4dten verfolge. Aber es war und ist ihre Entscheidung, die ihnen keine deutsche Beh\u00f6rde, kein noch so gut meinender Helfer, Aktivist oder Fl\u00fcchtlingsgegner abnehmen kann oder darf.<\/p>\n<p>Am Ende geht es um Mitmenschlichkeit. Nichts anderes. Deshalb sollte jeder, der in der Debatte mitreden will, mindestens einmal Menschen erleben, die vor Krieg und Verfolgung geflohen sind. Ich werde heute zu einer syrischen Familie mit vier kleinen Kindern aus Aleppo fahren, die ich seit l\u00e4ngerem betreue, wenn es wieder einmal gilt, die Aufenthaltserlaubnisse zu verl\u00e4ngern, komplizierte Antr\u00e4ge f\u00fcr B\u00fcrgergeld, Wohngeld und Kinderzuschl\u00e4ge zu stellen oder wenn eines der Kinder Probleme in der Schule hat, weil die Lehrerinnen nicht begreifen, welche Folgen Kriegstraumatisierungen gerade f\u00fcr kleine Seelen haben.<\/p>\n<h5>Schutz auch f\u00fcr Assad-Schergen?<\/h5>\n<p>Politisch jedoch muss anders debattiert und entschieden werden. Da geht es nicht um humanit\u00e4re Einzelf\u00e4lle, sondern um die generellen Linien. Deshalb darf und muss dar\u00fcber auch im beginnenden Bundestagswahlkampf gestritten werden, ohne Schaum vor dem Mund. Gerade da. Denn bei der Wahl geht es ja um die k\u00fcnftige Politik, auch und gerade bei Migration und Integration, einem der brennendsten Themen. Wer stets danach ruft, die Demokratie zu verteidigen, sollte eine berechtigte Debatte deshalb nicht unterdr\u00fccken wollen.<\/p>\n<p>Um es zum Schluss zuzuspitzen: 2015\/16 sind auch zahlreiche Schergen des Assad-Regimes nach Deutschland gekommen, weil der damals den Krieg gegen das eigene Volk zu verlieren schien, bis ihn Putin-Russland und die iranischen Mullahs mit ihrern M\u00f6rdertruppen retten. Darunter Offiziere seiner Armee und Folterknechte (von denen einige hier vor Gericht stehen oder verurteilt wurden). Wenn nun wieder Assad-Helfer nach Deutschland fliehen, weil sie zurecht bef\u00fcrchten, unter den neuen Machthabern verfolgt oder get\u00f6tet zu werden: Sollen die dann Schutz erhalten?<\/p>\n<p><em>Ludwig Greven ist freier Journalist und Autor. Er war Politikchef der \u201eWoche\u201c und politischer Autor bei zeit-online. Neben Themen wie Migration, Integration und der Verteidigung der Demokratie besch\u00e4ftigt er sich notgedrungen auch mit Krieg &amp; Frieden.<\/em><\/p>\n<p>&nbsp;<\/p>\n<p>&nbsp;<\/p>\n<p>&nbsp;<\/p>\n<div class=\"shariff shariff-align-left shariff-widget-align-left shariff-buttonstretch\" style=\"display:none\"><ul class=\"shariff-buttons theme-white orientation-horizontal buttonsize-medium\"><li class=\"shariff-button facebook shariff-nocustomcolor\" style=\"background-color:#4273c8\"><a href=\"https:\/\/www.facebook.com\/sharer\/sharer.php?u=https%3A%2F%2Fstarke-meinungen.de%2Fblog%2F2024%2F12%2F10%2Frueckkehr-nach-syrien-ja%2F\" title=\"Bei Facebook teilen\" aria-label=\"Bei Facebook teilen\" role=\"button\" rel=\"nofollow\" class=\"shariff-link\" style=\"; background-color:#3b5998; color:#3b5998\" target=\"_blank\"><span class=\"shariff-icon\" style=\"fill:#3b5998\"><svg width=\"32px\" height=\"20px\" xmlns=\"http:\/\/www.w3.org\/2000\/svg\" viewBox=\"0 0 18 32\"><path fill=\"#3b5998\" d=\"M17.1 0.2v4.7h-2.8q-1.5 0-2.1 0.6t-0.5 1.9v3.4h5.2l-0.7 5.3h-4.5v13.6h-5.5v-13.6h-4.5v-5.3h4.5v-3.9q0-3.3 1.9-5.2t5-1.8q2.6 0 4.1 0.2z\"\/><\/svg><\/span><span class=\"shariff-text\" style=\"color:#3b5998\">teilen<\/span>&nbsp;<\/a><\/li><li class=\"shariff-button twitter shariff-nocustomcolor\" style=\"background-color:#595959\"><a href=\"https:\/\/twitter.com\/share?url=https%3A%2F%2Fstarke-meinungen.de%2Fblog%2F2024%2F12%2F10%2Frueckkehr-nach-syrien-ja%2F&text=R%C3%BCckkehr%20nach%20Syrien%3F%20Ja%21&via=starkemeinungen\" title=\"Bei X teilen\" aria-label=\"Bei X teilen\" role=\"button\" rel=\"noopener nofollow\" class=\"shariff-link\" style=\"; background-color:#000; color:#000\" target=\"_blank\"><span class=\"shariff-icon\" style=\"fill:#000\"><svg width=\"32px\" height=\"20px\" xmlns=\"http:\/\/www.w3.org\/2000\/svg\" viewBox=\"0 0 24 24\"><path fill=\"#000\" d=\"M14.258 10.152L23.176 0h-2.113l-7.747 8.813L7.133 0H0l9.352 13.328L0 23.973h2.113l8.176-9.309 6.531 9.309h7.133zm-2.895 3.293l-.949-1.328L2.875 1.56h3.246l6.086 8.523.945 1.328 7.91 11.078h-3.246zm0 0\"\/><\/svg><\/span><span class=\"shariff-text\" style=\"color:#000\">teilen<\/span>&nbsp;<\/a><\/li><li class=\"shariff-button linkedin shariff-nocustomcolor\" style=\"background-color:#1488bf\"><a href=\"https:\/\/www.linkedin.com\/sharing\/share-offsite\/?url=https%3A%2F%2Fstarke-meinungen.de%2Fblog%2F2024%2F12%2F10%2Frueckkehr-nach-syrien-ja%2F\" title=\"Bei LinkedIn teilen\" aria-label=\"Bei LinkedIn teilen\" role=\"button\" rel=\"noopener nofollow\" class=\"shariff-link\" style=\"; background-color:#0077b5; color:#0077b5\" target=\"_blank\"><span class=\"shariff-icon\" style=\"fill:#0077b5\"><svg width=\"32px\" height=\"20px\" xmlns=\"http:\/\/www.w3.org\/2000\/svg\" viewBox=\"0 0 27 32\"><path fill=\"#0077b5\" d=\"M6.2 11.2v17.7h-5.9v-17.7h5.9zM6.6 5.7q0 1.3-0.9 2.2t-2.4 0.9h0q-1.5 0-2.4-0.9t-0.9-2.2 0.9-2.2 2.4-0.9 2.4 0.9 0.9 2.2zM27.4 18.7v10.1h-5.9v-9.5q0-1.9-0.7-2.9t-2.3-1.1q-1.1 0-1.9 0.6t-1.2 1.5q-0.2 0.5-0.2 1.4v9.9h-5.9q0-7.1 0-11.6t0-5.3l0-0.9h5.9v2.6h0q0.4-0.6 0.7-1t1-0.9 1.6-0.8 2-0.3q3 0 4.9 2t1.9 6z\"\/><\/svg><\/span><span class=\"shariff-text\" style=\"color:#0077b5\">teilen<\/span>&nbsp;<\/a><\/li><li class=\"shariff-button xing shariff-nocustomcolor\" style=\"background-color:#29888a\"><a href=\"https:\/\/www.xing.com\/spi\/shares\/new?url=https%3A%2F%2Fstarke-meinungen.de%2Fblog%2F2024%2F12%2F10%2Frueckkehr-nach-syrien-ja%2F\" title=\"Bei XING teilen\" aria-label=\"Bei XING teilen\" role=\"button\" rel=\"noopener nofollow\" class=\"shariff-link\" style=\"; background-color:#126567; color:#126567\" target=\"_blank\"><span class=\"shariff-icon\" style=\"fill:#126567\"><svg width=\"32px\" height=\"20px\" xmlns=\"http:\/\/www.w3.org\/2000\/svg\" viewBox=\"0 0 25 32\"><path fill=\"#126567\" d=\"M10.7 11.9q-0.2 0.3-4.6 8.2-0.5 0.8-1.2 0.8h-4.3q-0.4 0-0.5-0.3t0-0.6l4.5-8q0 0 0 0l-2.9-5q-0.2-0.4 0-0.7 0.2-0.3 0.5-0.3h4.3q0.7 0 1.2 0.8zM25.1 0.4q0.2 0.3 0 0.7l-9.4 16.7 6 11q0.2 0.4 0 0.6-0.2 0.3-0.6 0.3h-4.3q-0.7 0-1.2-0.8l-6-11.1q0.3-0.6 9.5-16.8 0.4-0.8 1.2-0.8h4.3q0.4 0 0.5 0.3z\"\/><\/svg><\/span><span class=\"shariff-text\" style=\"color:#126567\">teilen<\/span>&nbsp;<\/a><\/li><li class=\"shariff-button whatsapp shariff-nocustomcolor\" style=\"background-color:#5cbe4a\"><a href=\"https:\/\/api.whatsapp.com\/send?text=https%3A%2F%2Fstarke-meinungen.de%2Fblog%2F2024%2F12%2F10%2Frueckkehr-nach-syrien-ja%2F%20R%C3%BCckkehr%20nach%20Syrien%3F%20Ja%21\" title=\"Bei Whatsapp teilen\" aria-label=\"Bei Whatsapp teilen\" role=\"button\" rel=\"noopener nofollow\" class=\"shariff-link\" style=\"; background-color:#34af23; color:#34af23\" target=\"_blank\"><span class=\"shariff-icon\" style=\"fill:#34af23\"><svg width=\"32px\" height=\"20px\" xmlns=\"http:\/\/www.w3.org\/2000\/svg\" viewBox=\"0 0 32 32\"><path fill=\"#34af23\" d=\"M17.6 17.4q0.2 0 1.7 0.8t1.6 0.9q0 0.1 0 0.3 0 0.6-0.3 1.4-0.3 0.7-1.3 1.2t-1.8 0.5q-1 0-3.4-1.1-1.7-0.8-3-2.1t-2.6-3.3q-1.3-1.9-1.3-3.5v-0.1q0.1-1.6 1.3-2.8 0.4-0.4 0.9-0.4 0.1 0 0.3 0t0.3 0q0.3 0 0.5 0.1t0.3 0.5q0.1 0.4 0.6 1.6t0.4 1.3q0 0.4-0.6 1t-0.6 0.8q0 0.1 0.1 0.3 0.6 1.3 1.8 2.4 1 0.9 2.7 1.8 0.2 0.1 0.4 0.1 0.3 0 1-0.9t0.9-0.9zM14 26.9q2.3 0 4.3-0.9t3.6-2.4 2.4-3.6 0.9-4.3-0.9-4.3-2.4-3.6-3.6-2.4-4.3-0.9-4.3 0.9-3.6 2.4-2.4 3.6-0.9 4.3q0 3.6 2.1 6.6l-1.4 4.2 4.3-1.4q2.8 1.9 6.2 1.9zM14 2.2q2.7 0 5.2 1.1t4.3 2.9 2.9 4.3 1.1 5.2-1.1 5.2-2.9 4.3-4.3 2.9-5.2 1.1q-3.5 0-6.5-1.7l-7.4 2.4 2.4-7.2q-1.9-3.2-1.9-6.9 0-2.7 1.1-5.2t2.9-4.3 4.3-2.9 5.2-1.1z\"\/><\/svg><\/span><span class=\"shariff-text\" style=\"color:#34af23\">teilen<\/span>&nbsp;<\/a><\/li><li class=\"shariff-button info shariff-nocustomcolor\" style=\"background-color:#a8a8a8\"><a href=\"http:\/\/ct.de\/-2467514\" title=\"Weitere Informationen\" aria-label=\"Weitere Informationen\" role=\"button\" rel=\"noopener \" class=\"shariff-link\" style=\"; background-color:#999; color:#999\" target=\"_blank\"><span class=\"shariff-icon\" style=\"fill:#999\"><svg width=\"32px\" height=\"20px\" xmlns=\"http:\/\/www.w3.org\/2000\/svg\" viewBox=\"0 0 11 32\"><path fill=\"#999\" d=\"M11.4 24v2.3q0 0.5-0.3 0.8t-0.8 0.4h-9.1q-0.5 0-0.8-0.4t-0.4-0.8v-2.3q0-0.5 0.4-0.8t0.8-0.4h1.1v-6.8h-1.1q-0.5 0-0.8-0.4t-0.4-0.8v-2.3q0-0.5 0.4-0.8t0.8-0.4h6.8q0.5 0 0.8 0.4t0.4 0.8v10.3h1.1q0.5 0 0.8 0.4t0.3 0.8zM9.2 3.4v3.4q0 0.5-0.4 0.8t-0.8 0.4h-4.6q-0.4 0-0.8-0.4t-0.4-0.8v-3.4q0-0.4 0.4-0.8t0.8-0.4h4.6q0.5 0 0.8 0.4t0.4 0.8z\"\/><\/svg><\/span><\/a><\/li><\/ul><\/div>","protected":false},"excerpt":{"rendered":"<p>K\u00f6nnen, sollen syrische Fl\u00fcchtlinge nach dem Ende der Tyrannei zur\u00fcckgeschickt werden? Aus Prinzip ja, allerdings sicher nicht sofort. Und nicht alle. Dennoch ist die Debatte dar\u00fcber richtig und notwendig. Und keineswegs verwerflich. Auch und gerade nicht im Wahlkampf. Diskussionen \u00fcber Asyl, Flucht und Migration werden schon immer gerne bar jeder zumindest tieferen Sachkenntnis gef\u00fchrt. Daf\u00fcr umso hitziger. Und meist ergebnislos&#8230;. <a href=\"https:\/\/starke-meinungen.de\/blog\/2024\/12\/10\/rueckkehr-nach-syrien-ja\/\">Weiterlesen &raquo;<\/a><\/p>\n","protected":false},"author":42,"featured_media":0,"comment_status":"open","ping_status":"open","sticky":false,"template":"","format":"standard","meta":{"footnotes":""},"categories":[1],"tags":[1904,2383,1733,2662,1451,2009,2070],"class_list":["post-10539","post","type-post","status-publish","format-standard","hentry","category-allgemein","tag-assad","tag-asylpolitik","tag-fluchtlinge","tag-krieg-in-syrien","tag-migrationsdebatte","tag-syrien","tag-ukraine"],"yoast_head":"<!-- This site is optimized with the Yoast SEO plugin v27.5 - https:\/\/yoast.com\/product\/yoast-seo-wordpress\/ -->\n<title>R\u00fcckkehr nach Syrien? Ja! - starke-meinungen.de<\/title>\n<meta name=\"robots\" content=\"index, follow, max-snippet:-1, max-image-preview:large, max-video-preview:-1\" \/>\n<link rel=\"canonical\" href=\"https:\/\/starke-meinungen.de\/blog\/2024\/12\/10\/rueckkehr-nach-syrien-ja\/\" \/>\n<meta property=\"og:locale\" content=\"de_DE\" \/>\n<meta property=\"og:type\" content=\"article\" \/>\n<meta property=\"og:title\" content=\"R\u00fcckkehr nach Syrien? Ja! - starke-meinungen.de\" \/>\n<meta property=\"og:description\" content=\"K\u00f6nnen, sollen syrische Fl\u00fcchtlinge nach dem Ende der Tyrannei zur\u00fcckgeschickt werden? Aus Prinzip ja, allerdings sicher nicht sofort. Und nicht alle. Dennoch ist die Debatte dar\u00fcber richtig und notwendig. Und keineswegs verwerflich. Auch und gerade nicht im Wahlkampf. Diskussionen \u00fcber Asyl, Flucht und Migration werden schon immer gerne bar jeder zumindest tieferen Sachkenntnis gef\u00fchrt. Daf\u00fcr umso hitziger. Und meist ergebnislos.... Weiterlesen &raquo;\" \/>\n<meta property=\"og:url\" content=\"https:\/\/starke-meinungen.de\/blog\/2024\/12\/10\/rueckkehr-nach-syrien-ja\/\" \/>\n<meta property=\"og:site_name\" content=\"starke-meinungen.de\" \/>\n<meta property=\"article:publisher\" content=\"https:\/\/www.facebook.com\/starkemeinungen\/\" \/>\n<meta property=\"article:published_time\" content=\"2024-12-10T10:02:20+00:00\" \/>\n<meta property=\"article:modified_time\" content=\"2026-01-30T11:14:50+00:00\" \/>\n<meta property=\"og:image\" content=\"https:\/\/starke-meinungen.de\/blog\/wp-content\/uploads\/starke-meinungen-fb-header.jpg\" \/>\n\t<meta property=\"og:image:width\" content=\"1200\" \/>\n\t<meta property=\"og:image:height\" content=\"630\" \/>\n\t<meta property=\"og:image:type\" content=\"image\/jpeg\" \/>\n<meta name=\"author\" content=\"Ludwig Greven\" \/>\n<meta name=\"twitter:card\" content=\"summary_large_image\" \/>\n<meta name=\"twitter:creator\" content=\"@starkemeinungen\" \/>\n<meta name=\"twitter:site\" content=\"@starkemeinungen\" \/>\n<meta name=\"twitter:label1\" content=\"Verfasst von\" \/>\n\t<meta name=\"twitter:data1\" content=\"Ludwig Greven\" \/>\n\t<meta name=\"twitter:label2\" content=\"Gesch\u00e4tzte Lesezeit\" \/>\n\t<meta name=\"twitter:data2\" content=\"7\u00a0Minuten\" \/>\n<script type=\"application\/ld+json\" class=\"yoast-schema-graph\">{\"@context\":\"https:\\\/\\\/schema.org\",\"@graph\":[{\"@type\":\"Article\",\"@id\":\"https:\\\/\\\/starke-meinungen.de\\\/blog\\\/2024\\\/12\\\/10\\\/rueckkehr-nach-syrien-ja\\\/#article\",\"isPartOf\":{\"@id\":\"https:\\\/\\\/starke-meinungen.de\\\/blog\\\/2024\\\/12\\\/10\\\/rueckkehr-nach-syrien-ja\\\/\"},\"author\":{\"name\":\"Ludwig Greven\",\"@id\":\"https:\\\/\\\/starke-meinungen.de\\\/blog\\\/#\\\/schema\\\/person\\\/1c28fb5be9ffc16085de9e621bf19f75\"},\"headline\":\"R\u00fcckkehr nach Syrien? Ja!\",\"datePublished\":\"2024-12-10T10:02:20+00:00\",\"dateModified\":\"2026-01-30T11:14:50+00:00\",\"mainEntityOfPage\":{\"@id\":\"https:\\\/\\\/starke-meinungen.de\\\/blog\\\/2024\\\/12\\\/10\\\/rueckkehr-nach-syrien-ja\\\/\"},\"wordCount\":1192,\"commentCount\":9,\"publisher\":{\"@id\":\"https:\\\/\\\/starke-meinungen.de\\\/blog\\\/#organization\"},\"keywords\":[\"Assad\",\"Asylpolitik\",\"Fl\u00fcchtlinge\",\"Krieg in Syrien\",\"Migrationsdebatte\",\"Syrien\",\"Ukraine\"],\"inLanguage\":\"de\",\"potentialAction\":[{\"@type\":\"CommentAction\",\"name\":\"Comment\",\"target\":[\"https:\\\/\\\/starke-meinungen.de\\\/blog\\\/2024\\\/12\\\/10\\\/rueckkehr-nach-syrien-ja\\\/#respond\"]}]},{\"@type\":\"WebPage\",\"@id\":\"https:\\\/\\\/starke-meinungen.de\\\/blog\\\/2024\\\/12\\\/10\\\/rueckkehr-nach-syrien-ja\\\/\",\"url\":\"https:\\\/\\\/starke-meinungen.de\\\/blog\\\/2024\\\/12\\\/10\\\/rueckkehr-nach-syrien-ja\\\/\",\"name\":\"R\u00fcckkehr nach Syrien? Ja! - starke-meinungen.de\",\"isPartOf\":{\"@id\":\"https:\\\/\\\/starke-meinungen.de\\\/blog\\\/#website\"},\"datePublished\":\"2024-12-10T10:02:20+00:00\",\"dateModified\":\"2026-01-30T11:14:50+00:00\",\"breadcrumb\":{\"@id\":\"https:\\\/\\\/starke-meinungen.de\\\/blog\\\/2024\\\/12\\\/10\\\/rueckkehr-nach-syrien-ja\\\/#breadcrumb\"},\"inLanguage\":\"de\",\"potentialAction\":[{\"@type\":\"ReadAction\",\"target\":[\"https:\\\/\\\/starke-meinungen.de\\\/blog\\\/2024\\\/12\\\/10\\\/rueckkehr-nach-syrien-ja\\\/\"]}]},{\"@type\":\"BreadcrumbList\",\"@id\":\"https:\\\/\\\/starke-meinungen.de\\\/blog\\\/2024\\\/12\\\/10\\\/rueckkehr-nach-syrien-ja\\\/#breadcrumb\",\"itemListElement\":[{\"@type\":\"ListItem\",\"position\":1,\"name\":\"Startseite\",\"item\":\"https:\\\/\\\/starke-meinungen.de\\\/blog\\\/\"},{\"@type\":\"ListItem\",\"position\":2,\"name\":\"R\u00fcckkehr nach Syrien? Ja!\"}]},{\"@type\":\"WebSite\",\"@id\":\"https:\\\/\\\/starke-meinungen.de\\\/blog\\\/#website\",\"url\":\"https:\\\/\\\/starke-meinungen.de\\\/blog\\\/\",\"name\":\"starke-meinungen.de\",\"description\":\"Autoren-Blog\",\"publisher\":{\"@id\":\"https:\\\/\\\/starke-meinungen.de\\\/blog\\\/#organization\"},\"potentialAction\":[{\"@type\":\"SearchAction\",\"target\":{\"@type\":\"EntryPoint\",\"urlTemplate\":\"https:\\\/\\\/starke-meinungen.de\\\/blog\\\/?s={search_term_string}\"},\"query-input\":{\"@type\":\"PropertyValueSpecification\",\"valueRequired\":true,\"valueName\":\"search_term_string\"}}],\"inLanguage\":\"de\"},{\"@type\":\"Organization\",\"@id\":\"https:\\\/\\\/starke-meinungen.de\\\/blog\\\/#organization\",\"name\":\"starke-meinungen.de\",\"url\":\"https:\\\/\\\/starke-meinungen.de\\\/blog\\\/\",\"logo\":{\"@type\":\"ImageObject\",\"inLanguage\":\"de\",\"@id\":\"https:\\\/\\\/starke-meinungen.de\\\/blog\\\/#\\\/schema\\\/logo\\\/image\\\/\",\"url\":\"https:\\\/\\\/starke-meinungen.de\\\/blog\\\/wp-content\\\/uploads\\\/starke-meinungen-fb-header.jpg\",\"contentUrl\":\"https:\\\/\\\/starke-meinungen.de\\\/blog\\\/wp-content\\\/uploads\\\/starke-meinungen-fb-header.jpg\",\"width\":1200,\"height\":630,\"caption\":\"starke-meinungen.de\"},\"image\":{\"@id\":\"https:\\\/\\\/starke-meinungen.de\\\/blog\\\/#\\\/schema\\\/logo\\\/image\\\/\"},\"sameAs\":[\"https:\\\/\\\/www.facebook.com\\\/starkemeinungen\\\/\",\"https:\\\/\\\/x.com\\\/starkemeinungen\"]},{\"@type\":\"Person\",\"@id\":\"https:\\\/\\\/starke-meinungen.de\\\/blog\\\/#\\\/schema\\\/person\\\/1c28fb5be9ffc16085de9e621bf19f75\",\"name\":\"Ludwig Greven\",\"image\":{\"@type\":\"ImageObject\",\"inLanguage\":\"de\",\"@id\":\"https:\\\/\\\/secure.gravatar.com\\\/avatar\\\/30dcb1e1f2de438653ff67ae28b7ecf6c10e1b929e4a1c78d6b4d30df7d49076?s=96&d=mm&r=g\",\"url\":\"https:\\\/\\\/secure.gravatar.com\\\/avatar\\\/30dcb1e1f2de438653ff67ae28b7ecf6c10e1b929e4a1c78d6b4d30df7d49076?s=96&d=mm&r=g\",\"contentUrl\":\"https:\\\/\\\/secure.gravatar.com\\\/avatar\\\/30dcb1e1f2de438653ff67ae28b7ecf6c10e1b929e4a1c78d6b4d30df7d49076?s=96&d=mm&r=g\",\"caption\":\"Ludwig Greven\"},\"url\":\"https:\\\/\\\/starke-meinungen.de\\\/blog\\\/author\\\/greven\\\/\"}]}<\/script>\n<!-- \/ Yoast SEO plugin. -->","yoast_head_json":{"title":"R\u00fcckkehr nach Syrien? Ja! - starke-meinungen.de","robots":{"index":"index","follow":"follow","max-snippet":"max-snippet:-1","max-image-preview":"max-image-preview:large","max-video-preview":"max-video-preview:-1"},"canonical":"https:\/\/starke-meinungen.de\/blog\/2024\/12\/10\/rueckkehr-nach-syrien-ja\/","og_locale":"de_DE","og_type":"article","og_title":"R\u00fcckkehr nach Syrien? Ja! - starke-meinungen.de","og_description":"K\u00f6nnen, sollen syrische Fl\u00fcchtlinge nach dem Ende der Tyrannei zur\u00fcckgeschickt werden? Aus Prinzip ja, allerdings sicher nicht sofort. Und nicht alle. Dennoch ist die Debatte dar\u00fcber richtig und notwendig. Und keineswegs verwerflich. Auch und gerade nicht im Wahlkampf. Diskussionen \u00fcber Asyl, Flucht und Migration werden schon immer gerne bar jeder zumindest tieferen Sachkenntnis gef\u00fchrt. Daf\u00fcr umso hitziger. Und meist ergebnislos.... Weiterlesen &raquo;","og_url":"https:\/\/starke-meinungen.de\/blog\/2024\/12\/10\/rueckkehr-nach-syrien-ja\/","og_site_name":"starke-meinungen.de","article_publisher":"https:\/\/www.facebook.com\/starkemeinungen\/","article_published_time":"2024-12-10T10:02:20+00:00","article_modified_time":"2026-01-30T11:14:50+00:00","og_image":[{"width":1200,"height":630,"url":"https:\/\/starke-meinungen.de\/blog\/wp-content\/uploads\/starke-meinungen-fb-header.jpg","type":"image\/jpeg"}],"author":"Ludwig Greven","twitter_card":"summary_large_image","twitter_creator":"@starkemeinungen","twitter_site":"@starkemeinungen","twitter_misc":{"Verfasst von":"Ludwig Greven","Gesch\u00e4tzte Lesezeit":"7\u00a0Minuten"},"schema":{"@context":"https:\/\/schema.org","@graph":[{"@type":"Article","@id":"https:\/\/starke-meinungen.de\/blog\/2024\/12\/10\/rueckkehr-nach-syrien-ja\/#article","isPartOf":{"@id":"https:\/\/starke-meinungen.de\/blog\/2024\/12\/10\/rueckkehr-nach-syrien-ja\/"},"author":{"name":"Ludwig Greven","@id":"https:\/\/starke-meinungen.de\/blog\/#\/schema\/person\/1c28fb5be9ffc16085de9e621bf19f75"},"headline":"R\u00fcckkehr nach Syrien? Ja!","datePublished":"2024-12-10T10:02:20+00:00","dateModified":"2026-01-30T11:14:50+00:00","mainEntityOfPage":{"@id":"https:\/\/starke-meinungen.de\/blog\/2024\/12\/10\/rueckkehr-nach-syrien-ja\/"},"wordCount":1192,"commentCount":9,"publisher":{"@id":"https:\/\/starke-meinungen.de\/blog\/#organization"},"keywords":["Assad","Asylpolitik","Fl\u00fcchtlinge","Krieg in Syrien","Migrationsdebatte","Syrien","Ukraine"],"inLanguage":"de","potentialAction":[{"@type":"CommentAction","name":"Comment","target":["https:\/\/starke-meinungen.de\/blog\/2024\/12\/10\/rueckkehr-nach-syrien-ja\/#respond"]}]},{"@type":"WebPage","@id":"https:\/\/starke-meinungen.de\/blog\/2024\/12\/10\/rueckkehr-nach-syrien-ja\/","url":"https:\/\/starke-meinungen.de\/blog\/2024\/12\/10\/rueckkehr-nach-syrien-ja\/","name":"R\u00fcckkehr nach Syrien? Ja! - starke-meinungen.de","isPartOf":{"@id":"https:\/\/starke-meinungen.de\/blog\/#website"},"datePublished":"2024-12-10T10:02:20+00:00","dateModified":"2026-01-30T11:14:50+00:00","breadcrumb":{"@id":"https:\/\/starke-meinungen.de\/blog\/2024\/12\/10\/rueckkehr-nach-syrien-ja\/#breadcrumb"},"inLanguage":"de","potentialAction":[{"@type":"ReadAction","target":["https:\/\/starke-meinungen.de\/blog\/2024\/12\/10\/rueckkehr-nach-syrien-ja\/"]}]},{"@type":"BreadcrumbList","@id":"https:\/\/starke-meinungen.de\/blog\/2024\/12\/10\/rueckkehr-nach-syrien-ja\/#breadcrumb","itemListElement":[{"@type":"ListItem","position":1,"name":"Startseite","item":"https:\/\/starke-meinungen.de\/blog\/"},{"@type":"ListItem","position":2,"name":"R\u00fcckkehr nach Syrien? Ja!"}]},{"@type":"WebSite","@id":"https:\/\/starke-meinungen.de\/blog\/#website","url":"https:\/\/starke-meinungen.de\/blog\/","name":"starke-meinungen.de","description":"Autoren-Blog","publisher":{"@id":"https:\/\/starke-meinungen.de\/blog\/#organization"},"potentialAction":[{"@type":"SearchAction","target":{"@type":"EntryPoint","urlTemplate":"https:\/\/starke-meinungen.de\/blog\/?s={search_term_string}"},"query-input":{"@type":"PropertyValueSpecification","valueRequired":true,"valueName":"search_term_string"}}],"inLanguage":"de"},{"@type":"Organization","@id":"https:\/\/starke-meinungen.de\/blog\/#organization","name":"starke-meinungen.de","url":"https:\/\/starke-meinungen.de\/blog\/","logo":{"@type":"ImageObject","inLanguage":"de","@id":"https:\/\/starke-meinungen.de\/blog\/#\/schema\/logo\/image\/","url":"https:\/\/starke-meinungen.de\/blog\/wp-content\/uploads\/starke-meinungen-fb-header.jpg","contentUrl":"https:\/\/starke-meinungen.de\/blog\/wp-content\/uploads\/starke-meinungen-fb-header.jpg","width":1200,"height":630,"caption":"starke-meinungen.de"},"image":{"@id":"https:\/\/starke-meinungen.de\/blog\/#\/schema\/logo\/image\/"},"sameAs":["https:\/\/www.facebook.com\/starkemeinungen\/","https:\/\/x.com\/starkemeinungen"]},{"@type":"Person","@id":"https:\/\/starke-meinungen.de\/blog\/#\/schema\/person\/1c28fb5be9ffc16085de9e621bf19f75","name":"Ludwig Greven","image":{"@type":"ImageObject","inLanguage":"de","@id":"https:\/\/secure.gravatar.com\/avatar\/30dcb1e1f2de438653ff67ae28b7ecf6c10e1b929e4a1c78d6b4d30df7d49076?s=96&d=mm&r=g","url":"https:\/\/secure.gravatar.com\/avatar\/30dcb1e1f2de438653ff67ae28b7ecf6c10e1b929e4a1c78d6b4d30df7d49076?s=96&d=mm&r=g","contentUrl":"https:\/\/secure.gravatar.com\/avatar\/30dcb1e1f2de438653ff67ae28b7ecf6c10e1b929e4a1c78d6b4d30df7d49076?s=96&d=mm&r=g","caption":"Ludwig Greven"},"url":"https:\/\/starke-meinungen.de\/blog\/author\/greven\/"}]}},"_links":{"self":[{"href":"https:\/\/starke-meinungen.de\/blog\/wp-json\/wp\/v2\/posts\/10539","targetHints":{"allow":["GET"]}}],"collection":[{"href":"https:\/\/starke-meinungen.de\/blog\/wp-json\/wp\/v2\/posts"}],"about":[{"href":"https:\/\/starke-meinungen.de\/blog\/wp-json\/wp\/v2\/types\/post"}],"author":[{"embeddable":true,"href":"https:\/\/starke-meinungen.de\/blog\/wp-json\/wp\/v2\/users\/42"}],"replies":[{"embeddable":true,"href":"https:\/\/starke-meinungen.de\/blog\/wp-json\/wp\/v2\/comments?post=10539"}],"version-history":[{"count":8,"href":"https:\/\/starke-meinungen.de\/blog\/wp-json\/wp\/v2\/posts\/10539\/revisions"}],"predecessor-version":[{"id":10548,"href":"https:\/\/starke-meinungen.de\/blog\/wp-json\/wp\/v2\/posts\/10539\/revisions\/10548"}],"wp:attachment":[{"href":"https:\/\/starke-meinungen.de\/blog\/wp-json\/wp\/v2\/media?parent=10539"}],"wp:term":[{"taxonomy":"category","embeddable":true,"href":"https:\/\/starke-meinungen.de\/blog\/wp-json\/wp\/v2\/categories?post=10539"},{"taxonomy":"post_tag","embeddable":true,"href":"https:\/\/starke-meinungen.de\/blog\/wp-json\/wp\/v2\/tags?post=10539"}],"curies":[{"name":"wp","href":"https:\/\/api.w.org\/{rel}","templated":true}]}}