

{"id":10010,"date":"2024-01-06T15:28:49","date_gmt":"2024-01-06T14:28:49","guid":{"rendered":"https:\/\/starke-meinungen.de\/blog\/?p=10010"},"modified":"2024-01-06T15:28:49","modified_gmt":"2024-01-06T14:28:49","slug":"benedikt-xvi-der-jerry-lee-lewis-der-theologie","status":"publish","type":"post","link":"https:\/\/starke-meinungen.de\/blog\/2024\/01\/06\/benedikt-xvi-der-jerry-lee-lewis-der-theologie\/","title":{"rendered":"Benedikt XVI, der Jerry Lee Lewis der Theologie"},"content":{"rendered":"<p>Demn\u00e4chst werden die Predigten ver\u00f6ffentlicht, die der emeritierte Papst Benedikt XVI in seiner Privatkapelle hielt und die \u2013 angeblich ohne sein Wissen, wer\u2019s glaubt, wird selig \u2013 mitgeschnitten wurden. Eine wurde bereits <a href=\"https:\/\/www.welt.de\/debatte\/kommentare\/plus249165670\/Benedikt-XVI-Sein-geheimes-Vermaechtnis.html\" target=\"_blank\" rel=\"noopener\">ver\u00f6ffentlicht:<\/a> eine Predigt \u00fcber Joseph, den Ziehvater des Jesus von Nazareth.<\/p>\n<p><!--more--><\/p>\n<p>Dass Benedikt am vierten Advent des Jahres 2013 dieser biblischen Gestalt gedachte, ber\u00fchrt mich ein wenig, hatte ich doch genau ein Jahr zuvor in der WELT Joseph als \u201eneuen Mann\u201c <a href=\"https:\/\/www.welt.de\/print\/wams\/debatte\/article112202054\/Josef-der-neue-Mann.html\" target=\"_blank\" rel=\"noopener\">gefeiert<\/a>.<\/p>\n<p>Benedikt geht (wie ich) von der Feststellung des Matth\u00e4us aus, Joseph sei \u201eein Gerechter\u201c. Das hei\u00dft, er befolgt als guter Jude das Gesetz, wie es in der Thora niedergelegt wird. Und nun kommt Benedikt in Schwierigkeiten. Denn er geht einerseits von einem fundamentalen \u201eUnterschied zwischen Altem und Neuem Testament\u201c aus: Im Alten Testament ist die wesentliche Haltung noch eine andere. \u201eDas Wort Gottes erscheint im Alten Testament grunds\u00e4tzlich in Gestalt des Gesetzes\u201c; hingegen bestehe die \u201ewesentliche Haltung\u201c eines Christen \u201ein der Begegnung mit Jesus, in der Begegnung mit dem Wort Gottes, das Person ist. Indem wir Jesus begegnen, begegnen wir der Wahrheit, der Liebe Gottes. So wird das freundschaftliche Verh\u00e4ltnis mit der Zeit zur Liebe, unsere Gemeinschaft mit Gott w\u00e4chst, wir sind wahrhaft Gl\u00e4ubige, ja, werden zu Heiligen.\u201c<\/p>\n<p>Was, so muss man annehmen, Juden vor Jesus nicht m\u00f6glich war, denn \u201edie Ankunft Christi stand ja erst noch bevor, also konnte es h\u00f6chstens um eine Bewegung auf Christus hin gehen, ihm entgegen, aber noch nicht um eine wahre Begegnung mit ihm als solche\u201c. Was mit heutigen Juden ist, da ihr \u00a0Messias angeblich schon vor 2000 Jahren angeblich erschienen ist, sie aber weder \u201eihm entgegen\u201c gehen noch ihm \u201ebegegnen\u201c wollen, sondern stur \u2013 halsst\u00f6rrig nannten es die Christen fr\u00fcher \u2013 an der Thora festhalten, sagt Benedikt nicht.<\/p>\n<p>Doch von Joseph sagt er, sein Verh\u00e4ltnis zu der \u2013 nicht von ihm \u2013 schwanger gewordenen Verlobten sei zeige ein anderes Verh\u00e4ltnis zum Gesetz: \u201eF\u00fcr ihn bedeutet das Gesetz nicht schlicht Gehorsam, sondern entfaltet sich als Wort der Liebe, als Einladung zum Austausch, und nach dem Gesetz zu leben bedeutet f\u00fcr ihn, der Einladung zu folgen und hinter den gro\u00dfen und kleinen Vorschriften die Liebe Gottes zu entdecken. Er versteht, dass all die Vorschriften nicht um ihrer selbst willen gelten, sondern dass sie Regeln der Liebe sein wollen, dazu da, die Liebe in uns wachsen zu lassen. Ja, das Gesetz als Ganzes erweist sich letztlich als nichts anderes als Liebe: Es ist die Liebe zu Gott und zum N\u00e4chsten, und nur in dieser Einsicht l\u00e4sst sich das Gesetz vollg\u00fcltig einhalten.\u201c<\/p>\n<p>Richtig.<\/p>\n<p>Benedikt sagt aber: \u201eSo wird mit Josef, dem wahrhaft Gerechten, das Alte Testament zum Neuen\u201c. \u00c4hm, nein. Eben nicht. So wird mit Joseph eine Haltung zum Gesetz sichtbar, die im Judentum damals wie heute galt. So wird von Rabbi Hillel \u00fcberliefert, der in Babylon lehrte und ein Zeitgenosse des Joseph war, dass er die unter Rabbinern beliebte Frage nach der \u201eGrundnorm\u201c der Thora wie folgt beantwortete: \u201eWas dir nicht lieb ist, das tue auch deinem N\u00e4chsten nicht; das ist die ganze Gesetzeslehre, alles Andere ist nur die Erl\u00e4uterung, gehe und lerne sie.\u201c Diese Norm aber beruht auf dem von Moses den Hebr\u00e4ern gegebene Gebot: \u201eLiebe deinen N\u00e4chsten wie dich selbst\u201c (3 Mose 19,18).<\/p>\n<p>Jesus von Nazareth erweist sich als getreuer Sch\u00fcler des Pharis\u00e4ers Hillel: \u201eAls aber die Pharis\u00e4er h\u00f6rten, dass er den Sadduz\u00e4ern das Maul gestopft hatte, versammelten sie sich.\u00a0Und einer von ihnen, ein Lehrer des Gesetzes, versuchte ihn und fragte:\u00a0Meister, welches ist das h\u00f6chste Gebot im Gesetz?\u00a0Jesus aber sprach zu ihm:\u00a0\u00bbDu sollst den Herrn, deinen Gott, lieben von ganzem Herzen, von ganzer Seele und von ganzem Gem\u00fct\u00ab\u00a0(5. Mose 6,5).\u00a0Dies ist das h\u00f6chste und erste Gebot.\u00a0Das andere aber ist dem gleich: \u00bbDu sollst deinen N\u00e4chsten lieben wie dich selbst\u00ab\u00a0(3. Mose 19,18).\u00a0In diesen beiden Geboten h\u00e4ngt das ganze Gesetz und die Propheten.\u201c<\/p>\n<p>Weder mit Joseph noch mit Hillel noch mit Jesus \u201ewird das Alte Testament zum Neuen\u201c. Und weder Joseph noch Hillel \u201ebewegen sich auf Christus zu\u201c. W\u00fcrde mit Joseph aber \u201edas Alte Testament zum Neuen\u201c, das Gesetz zum Gesetz der Liebe, wozu brauchte es denn Jesus? Wenn der \u201ewesentliche\u201c Unterschied zwischen einem Christen und einem Juden, der etwa Hillel folgt, darin besteht, dass der Christ \u201ein der Begegnung mit Jesus\u201c das \u201eWort Gottes, das Person ist\u201c, erf\u00e4hrt, w\u00e4hrend der Jude das eben durch die Begegnung mit dem Wort als Wort erf\u00e4hrt, dann w\u00e4re das Christentum lediglich eine j\u00fcdische Sekte, die einen Personenkult betreibt.<\/p>\n<p>Nun will ich nicht \u00fcberheblich sein. Schrieb ich doch 2012 selbst: \u201eMan \u00fcbertreibt nur wenig, wenn man sagt, das Christentum verdanke alles, was an seinem Gottesbild neu und sch\u00f6n ist, diesem bescheidenen \u2013 und wohl ein wenig vertr\u00e4umten \u2013 j\u00fcdischen Bauhandwerker, diesem merkw\u00fcrdig modernen, neuen Mann\u201c \u2013 Joseph n\u00e4mlich. Da gehe ich auch davon aus, dass das Gottesbild der Christen \u201eneu und sch\u00f6n\u201c ist, oder zu Teilen jedenfalls neu und sch\u00f6ner als das alte Bild der Juden. Da kannte ich weder Hillel noch die lange rabbinische Tradition, in der er steht. Ich war und bin aber auch kein Theologe, nicht der Chef \u2013 oder Ex-Chef \u2013 einer Weltkirche.<\/p>\n<p>Freilich hat Joseph Ratzinger immer wieder Dinge gesagt, die zentralen Dogmen der Kirche widersprechen. So etwa, als er in seiner \u201eEinf\u00fchrung in das Christentum in Bezug auf Joseph sagte: \u201eDie Gottessohnschaft Jesu beruht nach dem kirchlichen Glauben nicht darauf, dass Jesus keinen menschlichen Vater hatte; die Lehre vom Gottsein Jesu w\u00fcrde nicht angetastet, wenn Jesus aus einer normalen menschlichen Ehe hervorgegangen w\u00e4re. Denn die Gottessohnschaft, von der der Glaube spricht, ist kein biologisches, sondern ein ontologisches Faktum&#8220;. (S. 199f.)<\/p>\n<p>Eine merkw\u00fcrdige Formulierung. Wenn die Gottessohnschaft kein biologisches Faktum ist, dann muss wohl Joseph (oder ein anderer Mann) der Vater des Jesus sein. Dann sind aber auch die jungfr\u00e4uliche Geburt und die immerw\u00e4hrende Jungfrauschaft Mariens, zwei zentrale katholische Dogmen, ebenso \u201eontologisch\u201c zu verstehen. Man fragt sich dann auch, wie es mit der Auferstehung ist, die ja offensichtlich ausweislich der Joseph-Predigt des emeritierten Papstes nicht n\u00f6tig ist, damit sich das \u201eAlte\u201c in das \u201eNeue\u201c Testament verwandelt.<\/p>\n<p>Ratzinger wird zuweilen als \u201eMozart der Theologie\u201c bezeichnet. Ich sehe ihn eher als einen Jerry Lee Lewis der Theologie. Mochte er gesellschaftspolitisch erzreaktion\u00e4r gewesen \u2013 oder geworden \u2013 sein, wie ich in meinem Buch \u201eBenedikts Kreuzzug\u201c <a href=\"https:\/\/www.perlentaucher.de\/buch\/alan-posener\/benedikts-kreuzzug.html\" target=\"_blank\" rel=\"noopener\">gezeigt<\/a> habe; theologisch war er, ob mit Absicht oder aus Unverm\u00f6gen, ein gro\u00dfer Umwerfer, vor wie nach dem Zweiten Vatikanischen Konzil.<\/p>\n<p>&nbsp;<\/p>\n<div class=\"shariff shariff-align-left shariff-widget-align-left shariff-buttonstretch\" style=\"display:none\"><ul class=\"shariff-buttons theme-white orientation-horizontal buttonsize-medium\"><li class=\"shariff-button facebook shariff-nocustomcolor\" style=\"background-color:#4273c8\"><a href=\"https:\/\/www.facebook.com\/sharer\/sharer.php?u=https%3A%2F%2Fstarke-meinungen.de%2Fblog%2F2024%2F01%2F06%2Fbenedikt-xvi-der-jerry-lee-lewis-der-theologie%2F\" title=\"Bei Facebook teilen\" aria-label=\"Bei Facebook teilen\" role=\"button\" rel=\"nofollow\" class=\"shariff-link\" style=\"; background-color:#3b5998; color:#3b5998\" target=\"_blank\"><span class=\"shariff-icon\" style=\"fill:#3b5998\"><svg width=\"32px\" height=\"20px\" xmlns=\"http:\/\/www.w3.org\/2000\/svg\" viewBox=\"0 0 18 32\"><path fill=\"#3b5998\" d=\"M17.1 0.2v4.7h-2.8q-1.5 0-2.1 0.6t-0.5 1.9v3.4h5.2l-0.7 5.3h-4.5v13.6h-5.5v-13.6h-4.5v-5.3h4.5v-3.9q0-3.3 1.9-5.2t5-1.8q2.6 0 4.1 0.2z\"\/><\/svg><\/span><span class=\"shariff-text\" style=\"color:#3b5998\">teilen<\/span>&nbsp;<\/a><\/li><li class=\"shariff-button twitter shariff-nocustomcolor\" style=\"background-color:#595959\"><a href=\"https:\/\/twitter.com\/share?url=https%3A%2F%2Fstarke-meinungen.de%2Fblog%2F2024%2F01%2F06%2Fbenedikt-xvi-der-jerry-lee-lewis-der-theologie%2F&text=Benedikt%20XVI%2C%20der%20Jerry%20Lee%20Lewis%20der%20Theologie&via=starkemeinungen\" title=\"Bei X teilen\" aria-label=\"Bei X teilen\" role=\"button\" rel=\"noopener nofollow\" class=\"shariff-link\" style=\"; background-color:#000; color:#000\" target=\"_blank\"><span class=\"shariff-icon\" style=\"fill:#000\"><svg width=\"32px\" height=\"20px\" xmlns=\"http:\/\/www.w3.org\/2000\/svg\" viewBox=\"0 0 24 24\"><path fill=\"#000\" d=\"M14.258 10.152L23.176 0h-2.113l-7.747 8.813L7.133 0H0l9.352 13.328L0 23.973h2.113l8.176-9.309 6.531 9.309h7.133zm-2.895 3.293l-.949-1.328L2.875 1.56h3.246l6.086 8.523.945 1.328 7.91 11.078h-3.246zm0 0\"\/><\/svg><\/span><span class=\"shariff-text\" style=\"color:#000\">teilen<\/span>&nbsp;<\/a><\/li><li class=\"shariff-button linkedin shariff-nocustomcolor\" style=\"background-color:#1488bf\"><a href=\"https:\/\/www.linkedin.com\/sharing\/share-offsite\/?url=https%3A%2F%2Fstarke-meinungen.de%2Fblog%2F2024%2F01%2F06%2Fbenedikt-xvi-der-jerry-lee-lewis-der-theologie%2F\" title=\"Bei LinkedIn teilen\" aria-label=\"Bei LinkedIn teilen\" role=\"button\" rel=\"noopener nofollow\" class=\"shariff-link\" style=\"; background-color:#0077b5; color:#0077b5\" target=\"_blank\"><span class=\"shariff-icon\" style=\"fill:#0077b5\"><svg width=\"32px\" height=\"20px\" xmlns=\"http:\/\/www.w3.org\/2000\/svg\" viewBox=\"0 0 27 32\"><path fill=\"#0077b5\" d=\"M6.2 11.2v17.7h-5.9v-17.7h5.9zM6.6 5.7q0 1.3-0.9 2.2t-2.4 0.9h0q-1.5 0-2.4-0.9t-0.9-2.2 0.9-2.2 2.4-0.9 2.4 0.9 0.9 2.2zM27.4 18.7v10.1h-5.9v-9.5q0-1.9-0.7-2.9t-2.3-1.1q-1.1 0-1.9 0.6t-1.2 1.5q-0.2 0.5-0.2 1.4v9.9h-5.9q0-7.1 0-11.6t0-5.3l0-0.9h5.9v2.6h0q0.4-0.6 0.7-1t1-0.9 1.6-0.8 2-0.3q3 0 4.9 2t1.9 6z\"\/><\/svg><\/span><span class=\"shariff-text\" style=\"color:#0077b5\">teilen<\/span>&nbsp;<\/a><\/li><li class=\"shariff-button xing shariff-nocustomcolor\" style=\"background-color:#29888a\"><a href=\"https:\/\/www.xing.com\/spi\/shares\/new?url=https%3A%2F%2Fstarke-meinungen.de%2Fblog%2F2024%2F01%2F06%2Fbenedikt-xvi-der-jerry-lee-lewis-der-theologie%2F\" title=\"Bei XING teilen\" aria-label=\"Bei XING teilen\" role=\"button\" rel=\"noopener nofollow\" class=\"shariff-link\" style=\"; background-color:#126567; color:#126567\" target=\"_blank\"><span class=\"shariff-icon\" style=\"fill:#126567\"><svg width=\"32px\" height=\"20px\" xmlns=\"http:\/\/www.w3.org\/2000\/svg\" viewBox=\"0 0 25 32\"><path fill=\"#126567\" d=\"M10.7 11.9q-0.2 0.3-4.6 8.2-0.5 0.8-1.2 0.8h-4.3q-0.4 0-0.5-0.3t0-0.6l4.5-8q0 0 0 0l-2.9-5q-0.2-0.4 0-0.7 0.2-0.3 0.5-0.3h4.3q0.7 0 1.2 0.8zM25.1 0.4q0.2 0.3 0 0.7l-9.4 16.7 6 11q0.2 0.4 0 0.6-0.2 0.3-0.6 0.3h-4.3q-0.7 0-1.2-0.8l-6-11.1q0.3-0.6 9.5-16.8 0.4-0.8 1.2-0.8h4.3q0.4 0 0.5 0.3z\"\/><\/svg><\/span><span class=\"shariff-text\" style=\"color:#126567\">teilen<\/span>&nbsp;<\/a><\/li><li class=\"shariff-button whatsapp shariff-nocustomcolor\" style=\"background-color:#5cbe4a\"><a href=\"https:\/\/api.whatsapp.com\/send?text=https%3A%2F%2Fstarke-meinungen.de%2Fblog%2F2024%2F01%2F06%2Fbenedikt-xvi-der-jerry-lee-lewis-der-theologie%2F%20Benedikt%20XVI%2C%20der%20Jerry%20Lee%20Lewis%20der%20Theologie\" title=\"Bei Whatsapp teilen\" aria-label=\"Bei Whatsapp teilen\" role=\"button\" rel=\"noopener nofollow\" class=\"shariff-link\" style=\"; background-color:#34af23; color:#34af23\" target=\"_blank\"><span class=\"shariff-icon\" style=\"fill:#34af23\"><svg width=\"32px\" height=\"20px\" xmlns=\"http:\/\/www.w3.org\/2000\/svg\" viewBox=\"0 0 32 32\"><path fill=\"#34af23\" d=\"M17.6 17.4q0.2 0 1.7 0.8t1.6 0.9q0 0.1 0 0.3 0 0.6-0.3 1.4-0.3 0.7-1.3 1.2t-1.8 0.5q-1 0-3.4-1.1-1.7-0.8-3-2.1t-2.6-3.3q-1.3-1.9-1.3-3.5v-0.1q0.1-1.6 1.3-2.8 0.4-0.4 0.9-0.4 0.1 0 0.3 0t0.3 0q0.3 0 0.5 0.1t0.3 0.5q0.1 0.4 0.6 1.6t0.4 1.3q0 0.4-0.6 1t-0.6 0.8q0 0.1 0.1 0.3 0.6 1.3 1.8 2.4 1 0.9 2.7 1.8 0.2 0.1 0.4 0.1 0.3 0 1-0.9t0.9-0.9zM14 26.9q2.3 0 4.3-0.9t3.6-2.4 2.4-3.6 0.9-4.3-0.9-4.3-2.4-3.6-3.6-2.4-4.3-0.9-4.3 0.9-3.6 2.4-2.4 3.6-0.9 4.3q0 3.6 2.1 6.6l-1.4 4.2 4.3-1.4q2.8 1.9 6.2 1.9zM14 2.2q2.7 0 5.2 1.1t4.3 2.9 2.9 4.3 1.1 5.2-1.1 5.2-2.9 4.3-4.3 2.9-5.2 1.1q-3.5 0-6.5-1.7l-7.4 2.4 2.4-7.2q-1.9-3.2-1.9-6.9 0-2.7 1.1-5.2t2.9-4.3 4.3-2.9 5.2-1.1z\"\/><\/svg><\/span><span class=\"shariff-text\" style=\"color:#34af23\">teilen<\/span>&nbsp;<\/a><\/li><li class=\"shariff-button info shariff-nocustomcolor\" style=\"background-color:#a8a8a8\"><a href=\"http:\/\/ct.de\/-2467514\" title=\"Weitere Informationen\" aria-label=\"Weitere Informationen\" role=\"button\" rel=\"noopener \" class=\"shariff-link\" style=\"; background-color:#999; color:#999\" target=\"_blank\"><span class=\"shariff-icon\" style=\"fill:#999\"><svg width=\"32px\" height=\"20px\" xmlns=\"http:\/\/www.w3.org\/2000\/svg\" viewBox=\"0 0 11 32\"><path fill=\"#999\" d=\"M11.4 24v2.3q0 0.5-0.3 0.8t-0.8 0.4h-9.1q-0.5 0-0.8-0.4t-0.4-0.8v-2.3q0-0.5 0.4-0.8t0.8-0.4h1.1v-6.8h-1.1q-0.5 0-0.8-0.4t-0.4-0.8v-2.3q0-0.5 0.4-0.8t0.8-0.4h6.8q0.5 0 0.8 0.4t0.4 0.8v10.3h1.1q0.5 0 0.8 0.4t0.3 0.8zM9.2 3.4v3.4q0 0.5-0.4 0.8t-0.8 0.4h-4.6q-0.4 0-0.8-0.4t-0.4-0.8v-3.4q0-0.4 0.4-0.8t0.8-0.4h4.6q0.5 0 0.8 0.4t0.4 0.8z\"\/><\/svg><\/span><\/a><\/li><\/ul><\/div>","protected":false},"excerpt":{"rendered":"<p>Demn\u00e4chst werden die Predigten ver\u00f6ffentlicht, die der emeritierte Papst Benedikt XVI in seiner Privatkapelle hielt und die \u2013 angeblich ohne sein Wissen, wer\u2019s glaubt, wird selig \u2013 mitgeschnitten wurden. Eine wurde bereits ver\u00f6ffentlicht: eine Predigt \u00fcber Joseph, den Ziehvater des Jesus von Nazareth.<\/p>\n","protected":false},"author":13,"featured_media":10011,"comment_status":"open","ping_status":"open","sticky":false,"template":"","format":"standard","meta":{"footnotes":""},"categories":[209,1],"tags":[2843,3814,868,3813,814,628,3693,3815],"class_list":["post-10010","post","type-post","status-publish","format-standard","has-post-thumbnail","hentry","category-alan-posener","category-allgemein","tag-benedikt-xvi","tag-hillel","tag-jesus","tag-joseph","tag-joseph-ratzinger","tag-judentum","tag-maria","tag-pharisaeer"],"yoast_head":"<!-- This site is optimized with the Yoast SEO plugin v27.5 - https:\/\/yoast.com\/product\/yoast-seo-wordpress\/ -->\n<title>Benedikt XVI, der Jerry Lee Lewis der Theologie - starke-meinungen.de<\/title>\n<meta name=\"robots\" content=\"index, follow, max-snippet:-1, max-image-preview:large, max-video-preview:-1\" \/>\n<link rel=\"canonical\" href=\"https:\/\/starke-meinungen.de\/blog\/2024\/01\/06\/benedikt-xvi-der-jerry-lee-lewis-der-theologie\/\" \/>\n<meta property=\"og:locale\" content=\"de_DE\" \/>\n<meta property=\"og:type\" content=\"article\" \/>\n<meta property=\"og:title\" content=\"Benedikt XVI, der Jerry Lee Lewis der Theologie - starke-meinungen.de\" \/>\n<meta property=\"og:description\" content=\"Demn\u00e4chst werden die Predigten ver\u00f6ffentlicht, die der emeritierte Papst Benedikt XVI in seiner Privatkapelle hielt und die \u2013 angeblich ohne sein Wissen, wer\u2019s glaubt, wird selig \u2013 mitgeschnitten wurden. Eine wurde bereits ver\u00f6ffentlicht: eine Predigt \u00fcber Joseph, den Ziehvater des Jesus von Nazareth.\" \/>\n<meta property=\"og:url\" content=\"https:\/\/starke-meinungen.de\/blog\/2024\/01\/06\/benedikt-xvi-der-jerry-lee-lewis-der-theologie\/\" \/>\n<meta property=\"og:site_name\" content=\"starke-meinungen.de\" \/>\n<meta property=\"article:publisher\" content=\"https:\/\/www.facebook.com\/starkemeinungen\/\" \/>\n<meta property=\"article:published_time\" content=\"2024-01-06T14:28:49+00:00\" \/>\n<meta property=\"og:image\" content=\"https:\/\/starke-meinungen.de\/blog\/wp-content\/uploads\/Jerry-Lee-Ratzinger.jpg\" \/>\n\t<meta property=\"og:image:width\" content=\"1260\" \/>\n\t<meta property=\"og:image:height\" content=\"630\" \/>\n\t<meta property=\"og:image:type\" content=\"image\/jpeg\" \/>\n<meta name=\"author\" content=\"Alan Posener\" \/>\n<meta name=\"twitter:card\" content=\"summary_large_image\" \/>\n<meta name=\"twitter:creator\" content=\"@starkemeinungen\" \/>\n<meta name=\"twitter:site\" content=\"@starkemeinungen\" \/>\n<meta name=\"twitter:label1\" content=\"Verfasst von\" \/>\n\t<meta name=\"twitter:data1\" content=\"Alan Posener\" \/>\n\t<meta name=\"twitter:label2\" content=\"Gesch\u00e4tzte Lesezeit\" \/>\n\t<meta name=\"twitter:data2\" content=\"7\u00a0Minuten\" \/>\n<script type=\"application\/ld+json\" class=\"yoast-schema-graph\">{\"@context\":\"https:\\\/\\\/schema.org\",\"@graph\":[{\"@type\":\"Article\",\"@id\":\"https:\\\/\\\/starke-meinungen.de\\\/blog\\\/2024\\\/01\\\/06\\\/benedikt-xvi-der-jerry-lee-lewis-der-theologie\\\/#article\",\"isPartOf\":{\"@id\":\"https:\\\/\\\/starke-meinungen.de\\\/blog\\\/2024\\\/01\\\/06\\\/benedikt-xvi-der-jerry-lee-lewis-der-theologie\\\/\"},\"author\":{\"name\":\"Alan Posener\",\"@id\":\"https:\\\/\\\/starke-meinungen.de\\\/blog\\\/#\\\/schema\\\/person\\\/32d0faef7c31a37c1c89be993d7a6d28\"},\"headline\":\"Benedikt XVI, der Jerry Lee Lewis der Theologie\",\"datePublished\":\"2024-01-06T14:28:49+00:00\",\"mainEntityOfPage\":{\"@id\":\"https:\\\/\\\/starke-meinungen.de\\\/blog\\\/2024\\\/01\\\/06\\\/benedikt-xvi-der-jerry-lee-lewis-der-theologie\\\/\"},\"wordCount\":1108,\"commentCount\":4,\"publisher\":{\"@id\":\"https:\\\/\\\/starke-meinungen.de\\\/blog\\\/#organization\"},\"image\":{\"@id\":\"https:\\\/\\\/starke-meinungen.de\\\/blog\\\/2024\\\/01\\\/06\\\/benedikt-xvi-der-jerry-lee-lewis-der-theologie\\\/#primaryimage\"},\"thumbnailUrl\":\"https:\\\/\\\/starke-meinungen.de\\\/blog\\\/wp-content\\\/uploads\\\/Jerry-Lee-Ratzinger.jpg\",\"keywords\":[\"Benedikt XVI\",\"Hillel\",\"Jesus\",\"Joseph\",\"Joseph Ratzinger\",\"Judentum\",\"Maria\",\"Pharis\u00e4er\"],\"articleSection\":[\"Alan Posener\"],\"inLanguage\":\"de\",\"potentialAction\":[{\"@type\":\"CommentAction\",\"name\":\"Comment\",\"target\":[\"https:\\\/\\\/starke-meinungen.de\\\/blog\\\/2024\\\/01\\\/06\\\/benedikt-xvi-der-jerry-lee-lewis-der-theologie\\\/#respond\"]}]},{\"@type\":\"WebPage\",\"@id\":\"https:\\\/\\\/starke-meinungen.de\\\/blog\\\/2024\\\/01\\\/06\\\/benedikt-xvi-der-jerry-lee-lewis-der-theologie\\\/\",\"url\":\"https:\\\/\\\/starke-meinungen.de\\\/blog\\\/2024\\\/01\\\/06\\\/benedikt-xvi-der-jerry-lee-lewis-der-theologie\\\/\",\"name\":\"Benedikt XVI, der Jerry Lee Lewis der Theologie - starke-meinungen.de\",\"isPartOf\":{\"@id\":\"https:\\\/\\\/starke-meinungen.de\\\/blog\\\/#website\"},\"primaryImageOfPage\":{\"@id\":\"https:\\\/\\\/starke-meinungen.de\\\/blog\\\/2024\\\/01\\\/06\\\/benedikt-xvi-der-jerry-lee-lewis-der-theologie\\\/#primaryimage\"},\"image\":{\"@id\":\"https:\\\/\\\/starke-meinungen.de\\\/blog\\\/2024\\\/01\\\/06\\\/benedikt-xvi-der-jerry-lee-lewis-der-theologie\\\/#primaryimage\"},\"thumbnailUrl\":\"https:\\\/\\\/starke-meinungen.de\\\/blog\\\/wp-content\\\/uploads\\\/Jerry-Lee-Ratzinger.jpg\",\"datePublished\":\"2024-01-06T14:28:49+00:00\",\"breadcrumb\":{\"@id\":\"https:\\\/\\\/starke-meinungen.de\\\/blog\\\/2024\\\/01\\\/06\\\/benedikt-xvi-der-jerry-lee-lewis-der-theologie\\\/#breadcrumb\"},\"inLanguage\":\"de\",\"potentialAction\":[{\"@type\":\"ReadAction\",\"target\":[\"https:\\\/\\\/starke-meinungen.de\\\/blog\\\/2024\\\/01\\\/06\\\/benedikt-xvi-der-jerry-lee-lewis-der-theologie\\\/\"]}]},{\"@type\":\"ImageObject\",\"inLanguage\":\"de\",\"@id\":\"https:\\\/\\\/starke-meinungen.de\\\/blog\\\/2024\\\/01\\\/06\\\/benedikt-xvi-der-jerry-lee-lewis-der-theologie\\\/#primaryimage\",\"url\":\"https:\\\/\\\/starke-meinungen.de\\\/blog\\\/wp-content\\\/uploads\\\/Jerry-Lee-Ratzinger.jpg\",\"contentUrl\":\"https:\\\/\\\/starke-meinungen.de\\\/blog\\\/wp-content\\\/uploads\\\/Jerry-Lee-Ratzinger.jpg\",\"width\":1260,\"height\":630},{\"@type\":\"BreadcrumbList\",\"@id\":\"https:\\\/\\\/starke-meinungen.de\\\/blog\\\/2024\\\/01\\\/06\\\/benedikt-xvi-der-jerry-lee-lewis-der-theologie\\\/#breadcrumb\",\"itemListElement\":[{\"@type\":\"ListItem\",\"position\":1,\"name\":\"Startseite\",\"item\":\"https:\\\/\\\/starke-meinungen.de\\\/blog\\\/\"},{\"@type\":\"ListItem\",\"position\":2,\"name\":\"Benedikt XVI, der Jerry Lee Lewis der Theologie\"}]},{\"@type\":\"WebSite\",\"@id\":\"https:\\\/\\\/starke-meinungen.de\\\/blog\\\/#website\",\"url\":\"https:\\\/\\\/starke-meinungen.de\\\/blog\\\/\",\"name\":\"starke-meinungen.de\",\"description\":\"Autoren-Blog\",\"publisher\":{\"@id\":\"https:\\\/\\\/starke-meinungen.de\\\/blog\\\/#organization\"},\"potentialAction\":[{\"@type\":\"SearchAction\",\"target\":{\"@type\":\"EntryPoint\",\"urlTemplate\":\"https:\\\/\\\/starke-meinungen.de\\\/blog\\\/?s={search_term_string}\"},\"query-input\":{\"@type\":\"PropertyValueSpecification\",\"valueRequired\":true,\"valueName\":\"search_term_string\"}}],\"inLanguage\":\"de\"},{\"@type\":\"Organization\",\"@id\":\"https:\\\/\\\/starke-meinungen.de\\\/blog\\\/#organization\",\"name\":\"starke-meinungen.de\",\"url\":\"https:\\\/\\\/starke-meinungen.de\\\/blog\\\/\",\"logo\":{\"@type\":\"ImageObject\",\"inLanguage\":\"de\",\"@id\":\"https:\\\/\\\/starke-meinungen.de\\\/blog\\\/#\\\/schema\\\/logo\\\/image\\\/\",\"url\":\"https:\\\/\\\/starke-meinungen.de\\\/blog\\\/wp-content\\\/uploads\\\/starke-meinungen-fb-header.jpg\",\"contentUrl\":\"https:\\\/\\\/starke-meinungen.de\\\/blog\\\/wp-content\\\/uploads\\\/starke-meinungen-fb-header.jpg\",\"width\":1200,\"height\":630,\"caption\":\"starke-meinungen.de\"},\"image\":{\"@id\":\"https:\\\/\\\/starke-meinungen.de\\\/blog\\\/#\\\/schema\\\/logo\\\/image\\\/\"},\"sameAs\":[\"https:\\\/\\\/www.facebook.com\\\/starkemeinungen\\\/\",\"https:\\\/\\\/x.com\\\/starkemeinungen\"]},{\"@type\":\"Person\",\"@id\":\"https:\\\/\\\/starke-meinungen.de\\\/blog\\\/#\\\/schema\\\/person\\\/32d0faef7c31a37c1c89be993d7a6d28\",\"name\":\"Alan Posener\",\"image\":{\"@type\":\"ImageObject\",\"inLanguage\":\"de\",\"@id\":\"https:\\\/\\\/secure.gravatar.com\\\/avatar\\\/c75c8818a9ab78c4faa75048dba7844e2587998cda4d93f84e7d86f7e21a9b90?s=96&d=mm&r=g\",\"url\":\"https:\\\/\\\/secure.gravatar.com\\\/avatar\\\/c75c8818a9ab78c4faa75048dba7844e2587998cda4d93f84e7d86f7e21a9b90?s=96&d=mm&r=g\",\"contentUrl\":\"https:\\\/\\\/secure.gravatar.com\\\/avatar\\\/c75c8818a9ab78c4faa75048dba7844e2587998cda4d93f84e7d86f7e21a9b90?s=96&d=mm&r=g\",\"caption\":\"Alan Posener\"},\"url\":\"https:\\\/\\\/starke-meinungen.de\\\/blog\\\/author\\\/posener\\\/\"}]}<\/script>\n<!-- \/ Yoast SEO plugin. -->","yoast_head_json":{"title":"Benedikt XVI, der Jerry Lee Lewis der Theologie - starke-meinungen.de","robots":{"index":"index","follow":"follow","max-snippet":"max-snippet:-1","max-image-preview":"max-image-preview:large","max-video-preview":"max-video-preview:-1"},"canonical":"https:\/\/starke-meinungen.de\/blog\/2024\/01\/06\/benedikt-xvi-der-jerry-lee-lewis-der-theologie\/","og_locale":"de_DE","og_type":"article","og_title":"Benedikt XVI, der Jerry Lee Lewis der Theologie - starke-meinungen.de","og_description":"Demn\u00e4chst werden die Predigten ver\u00f6ffentlicht, die der emeritierte Papst Benedikt XVI in seiner Privatkapelle hielt und die \u2013 angeblich ohne sein Wissen, wer\u2019s glaubt, wird selig \u2013 mitgeschnitten wurden. Eine wurde bereits ver\u00f6ffentlicht: eine Predigt \u00fcber Joseph, den Ziehvater des Jesus von Nazareth.","og_url":"https:\/\/starke-meinungen.de\/blog\/2024\/01\/06\/benedikt-xvi-der-jerry-lee-lewis-der-theologie\/","og_site_name":"starke-meinungen.de","article_publisher":"https:\/\/www.facebook.com\/starkemeinungen\/","article_published_time":"2024-01-06T14:28:49+00:00","og_image":[{"width":1260,"height":630,"url":"https:\/\/starke-meinungen.de\/blog\/wp-content\/uploads\/Jerry-Lee-Ratzinger.jpg","type":"image\/jpeg"}],"author":"Alan Posener","twitter_card":"summary_large_image","twitter_creator":"@starkemeinungen","twitter_site":"@starkemeinungen","twitter_misc":{"Verfasst von":"Alan Posener","Gesch\u00e4tzte Lesezeit":"7\u00a0Minuten"},"schema":{"@context":"https:\/\/schema.org","@graph":[{"@type":"Article","@id":"https:\/\/starke-meinungen.de\/blog\/2024\/01\/06\/benedikt-xvi-der-jerry-lee-lewis-der-theologie\/#article","isPartOf":{"@id":"https:\/\/starke-meinungen.de\/blog\/2024\/01\/06\/benedikt-xvi-der-jerry-lee-lewis-der-theologie\/"},"author":{"name":"Alan Posener","@id":"https:\/\/starke-meinungen.de\/blog\/#\/schema\/person\/32d0faef7c31a37c1c89be993d7a6d28"},"headline":"Benedikt XVI, der Jerry Lee Lewis der Theologie","datePublished":"2024-01-06T14:28:49+00:00","mainEntityOfPage":{"@id":"https:\/\/starke-meinungen.de\/blog\/2024\/01\/06\/benedikt-xvi-der-jerry-lee-lewis-der-theologie\/"},"wordCount":1108,"commentCount":4,"publisher":{"@id":"https:\/\/starke-meinungen.de\/blog\/#organization"},"image":{"@id":"https:\/\/starke-meinungen.de\/blog\/2024\/01\/06\/benedikt-xvi-der-jerry-lee-lewis-der-theologie\/#primaryimage"},"thumbnailUrl":"https:\/\/starke-meinungen.de\/blog\/wp-content\/uploads\/Jerry-Lee-Ratzinger.jpg","keywords":["Benedikt XVI","Hillel","Jesus","Joseph","Joseph Ratzinger","Judentum","Maria","Pharis\u00e4er"],"articleSection":["Alan Posener"],"inLanguage":"de","potentialAction":[{"@type":"CommentAction","name":"Comment","target":["https:\/\/starke-meinungen.de\/blog\/2024\/01\/06\/benedikt-xvi-der-jerry-lee-lewis-der-theologie\/#respond"]}]},{"@type":"WebPage","@id":"https:\/\/starke-meinungen.de\/blog\/2024\/01\/06\/benedikt-xvi-der-jerry-lee-lewis-der-theologie\/","url":"https:\/\/starke-meinungen.de\/blog\/2024\/01\/06\/benedikt-xvi-der-jerry-lee-lewis-der-theologie\/","name":"Benedikt XVI, der Jerry Lee Lewis der Theologie - starke-meinungen.de","isPartOf":{"@id":"https:\/\/starke-meinungen.de\/blog\/#website"},"primaryImageOfPage":{"@id":"https:\/\/starke-meinungen.de\/blog\/2024\/01\/06\/benedikt-xvi-der-jerry-lee-lewis-der-theologie\/#primaryimage"},"image":{"@id":"https:\/\/starke-meinungen.de\/blog\/2024\/01\/06\/benedikt-xvi-der-jerry-lee-lewis-der-theologie\/#primaryimage"},"thumbnailUrl":"https:\/\/starke-meinungen.de\/blog\/wp-content\/uploads\/Jerry-Lee-Ratzinger.jpg","datePublished":"2024-01-06T14:28:49+00:00","breadcrumb":{"@id":"https:\/\/starke-meinungen.de\/blog\/2024\/01\/06\/benedikt-xvi-der-jerry-lee-lewis-der-theologie\/#breadcrumb"},"inLanguage":"de","potentialAction":[{"@type":"ReadAction","target":["https:\/\/starke-meinungen.de\/blog\/2024\/01\/06\/benedikt-xvi-der-jerry-lee-lewis-der-theologie\/"]}]},{"@type":"ImageObject","inLanguage":"de","@id":"https:\/\/starke-meinungen.de\/blog\/2024\/01\/06\/benedikt-xvi-der-jerry-lee-lewis-der-theologie\/#primaryimage","url":"https:\/\/starke-meinungen.de\/blog\/wp-content\/uploads\/Jerry-Lee-Ratzinger.jpg","contentUrl":"https:\/\/starke-meinungen.de\/blog\/wp-content\/uploads\/Jerry-Lee-Ratzinger.jpg","width":1260,"height":630},{"@type":"BreadcrumbList","@id":"https:\/\/starke-meinungen.de\/blog\/2024\/01\/06\/benedikt-xvi-der-jerry-lee-lewis-der-theologie\/#breadcrumb","itemListElement":[{"@type":"ListItem","position":1,"name":"Startseite","item":"https:\/\/starke-meinungen.de\/blog\/"},{"@type":"ListItem","position":2,"name":"Benedikt XVI, der Jerry Lee Lewis der Theologie"}]},{"@type":"WebSite","@id":"https:\/\/starke-meinungen.de\/blog\/#website","url":"https:\/\/starke-meinungen.de\/blog\/","name":"starke-meinungen.de","description":"Autoren-Blog","publisher":{"@id":"https:\/\/starke-meinungen.de\/blog\/#organization"},"potentialAction":[{"@type":"SearchAction","target":{"@type":"EntryPoint","urlTemplate":"https:\/\/starke-meinungen.de\/blog\/?s={search_term_string}"},"query-input":{"@type":"PropertyValueSpecification","valueRequired":true,"valueName":"search_term_string"}}],"inLanguage":"de"},{"@type":"Organization","@id":"https:\/\/starke-meinungen.de\/blog\/#organization","name":"starke-meinungen.de","url":"https:\/\/starke-meinungen.de\/blog\/","logo":{"@type":"ImageObject","inLanguage":"de","@id":"https:\/\/starke-meinungen.de\/blog\/#\/schema\/logo\/image\/","url":"https:\/\/starke-meinungen.de\/blog\/wp-content\/uploads\/starke-meinungen-fb-header.jpg","contentUrl":"https:\/\/starke-meinungen.de\/blog\/wp-content\/uploads\/starke-meinungen-fb-header.jpg","width":1200,"height":630,"caption":"starke-meinungen.de"},"image":{"@id":"https:\/\/starke-meinungen.de\/blog\/#\/schema\/logo\/image\/"},"sameAs":["https:\/\/www.facebook.com\/starkemeinungen\/","https:\/\/x.com\/starkemeinungen"]},{"@type":"Person","@id":"https:\/\/starke-meinungen.de\/blog\/#\/schema\/person\/32d0faef7c31a37c1c89be993d7a6d28","name":"Alan Posener","image":{"@type":"ImageObject","inLanguage":"de","@id":"https:\/\/secure.gravatar.com\/avatar\/c75c8818a9ab78c4faa75048dba7844e2587998cda4d93f84e7d86f7e21a9b90?s=96&d=mm&r=g","url":"https:\/\/secure.gravatar.com\/avatar\/c75c8818a9ab78c4faa75048dba7844e2587998cda4d93f84e7d86f7e21a9b90?s=96&d=mm&r=g","contentUrl":"https:\/\/secure.gravatar.com\/avatar\/c75c8818a9ab78c4faa75048dba7844e2587998cda4d93f84e7d86f7e21a9b90?s=96&d=mm&r=g","caption":"Alan Posener"},"url":"https:\/\/starke-meinungen.de\/blog\/author\/posener\/"}]}},"_links":{"self":[{"href":"https:\/\/starke-meinungen.de\/blog\/wp-json\/wp\/v2\/posts\/10010","targetHints":{"allow":["GET"]}}],"collection":[{"href":"https:\/\/starke-meinungen.de\/blog\/wp-json\/wp\/v2\/posts"}],"about":[{"href":"https:\/\/starke-meinungen.de\/blog\/wp-json\/wp\/v2\/types\/post"}],"author":[{"embeddable":true,"href":"https:\/\/starke-meinungen.de\/blog\/wp-json\/wp\/v2\/users\/13"}],"replies":[{"embeddable":true,"href":"https:\/\/starke-meinungen.de\/blog\/wp-json\/wp\/v2\/comments?post=10010"}],"version-history":[{"count":1,"href":"https:\/\/starke-meinungen.de\/blog\/wp-json\/wp\/v2\/posts\/10010\/revisions"}],"predecessor-version":[{"id":10012,"href":"https:\/\/starke-meinungen.de\/blog\/wp-json\/wp\/v2\/posts\/10010\/revisions\/10012"}],"wp:featuredmedia":[{"embeddable":true,"href":"https:\/\/starke-meinungen.de\/blog\/wp-json\/wp\/v2\/media\/10011"}],"wp:attachment":[{"href":"https:\/\/starke-meinungen.de\/blog\/wp-json\/wp\/v2\/media?parent=10010"}],"wp:term":[{"taxonomy":"category","embeddable":true,"href":"https:\/\/starke-meinungen.de\/blog\/wp-json\/wp\/v2\/categories?post=10010"},{"taxonomy":"post_tag","embeddable":true,"href":"https:\/\/starke-meinungen.de\/blog\/wp-json\/wp\/v2\/tags?post=10010"}],"curies":[{"name":"wp","href":"https:\/\/api.w.org\/{rel}","templated":true}]}}